{"id":98993,"date":"2026-02-08T12:06:28","date_gmt":"2026-02-08T17:06:28","guid":{"rendered":"https:\/\/www.evafm.net\/sitio\/?p=98993"},"modified":"2026-02-08T12:06:28","modified_gmt":"2026-02-08T17:06:28","slug":"policias-que-vendieron-armas-a-bandas-aceptan-los-cargos-para-reducir-la-condena","status":"publish","type":"post","link":"https:\/\/www.evafm.net\/sitio\/policias-que-vendieron-armas-a-bandas-aceptan-los-cargos-para-reducir-la-condena\/","title":{"rendered":"Polic\u00edas que vendieron armas a bandas aceptan los cargos para reducir la condena"},"content":{"rendered":"<p>Lo que comenz\u00f3 como un caso m\u00e1s de\u00a0<a href=\"https:\/\/www.ecuavisa.com\/la-noticia-a-fondo\/depuracion-azul-policias-desviaron-municiones-donadas-por-ee.-uu.-a-grupos-criminales-en-ecuador-20250804-0054.html\" target=\"_blank\" rel=\"noopener\">delincuencia organizada<\/a>, destap\u00f3 una\u00a0<strong>red integrada por polic\u00edas de Ecuador que desviaban armas y municiones<\/strong>\u00a0para venderlas a grupos criminales.<\/p>\n<p>Hubo ocho detenidos, entre ellos cinco uniformados, que\u00a0<strong>aceptaron su culpabilidad para acogerse a un proceso abreviado<\/strong>\u00a0y tener una reducci\u00f3n de pena.<\/p>\n<p>As\u00ed consta en un oficio de la Fiscal\u00eda, en el expediente judicial del caso denominado Depuraci\u00f3n Azul, que estall\u00f3 en julio de 2025.<\/p>\n<p>En esa ocasi\u00f3n, los implicados fueron acusados por delincuencia organizada.<\/p>\n<p>Meses despu\u00e9s, la Fiscal\u00eda reformul\u00f3 cargos por armas de fuego y municiones.<\/p>\n<p>Con ello,\u00a0<strong>la pena a la que pod\u00eda ser sentenciados los implicados pas\u00f3 de 22 a\u00f1os de prisi\u00f3n a m\u00e1ximo cinco.<\/strong><\/p>\n<p>De acuerdo al C\u00f3digo Org\u00e1nico Integral Penal (COIP), al acogerse al proceso abreviado, los detenidos admiten los hechos y su culpabilidad.<\/p>\n<p>La pena sugerida no puede ser menor al tercio de la pena m\u00ednima prevista.<\/p>\n<p>En este caso, el delito de armas de fuego y municiones tiene una sanci\u00f3n m\u00e1xima de siete a\u00f1os.<\/p>\n<p>Es decir, el tercio corresponder\u00eda a dos a\u00f1os y cuatro meses.<\/p>\n<p>&nbsp;<\/p>\n<p>Pero adem\u00e1s de emitir un oficio solicitando el procedimiento abreviado para seis procesados, cinco de ellos polic\u00edas, la<strong>\u00a0Fiscal\u00eda emiti\u00f3 un dictamen abstentivo<\/strong>\u00a0a favor de Franklin L. (taxista) y Evelyn M.S., expareja de uno de los uniformados procesados.<\/p>\n<p>Seg\u00fan el expediente, no exist\u00edan los \u201celementos de convicci\u00f3n suficientes para establecer su responsabilidad en la infracci\u00f3n\u201d.<\/p>\n<p>En su versi\u00f3n libre, Evelyn M.S., detall\u00f3 cuando las autoridades allanaron su casa y la detuvieron frente a sus hijos peque\u00f1os, que lloraron. Los agentes revisaron la vivienda para buscar facturas u otros papeles. Agreg\u00f3 que ella ten\u00eda ya seis a\u00f1os separada del <strong>Polic\u00eda Jorge G.<\/strong><\/p>\n<p>&nbsp;<\/p>\n<p>Su expareja laboraba en el rastrillo (sitio donde se guardan las armas y municiones) del distrito Tumbaco, en Quito.<\/p>\n<p>El uniformado implicado confirm\u00f3 que ten\u00eda seis a\u00f1os separado y su \u00fanica relaci\u00f3n con Evelyn M. Respecto a los hechos sobre la venta de municiones y armas, dijo que el 17 de junio de 2025 le pidi\u00f3 que la acompa\u00f1e a Quito y que ah\u00ed le iba a dar el dinero de la manutenci\u00f3n de sus hijos.<\/p>\n<p>Por eso, tambi\u00e9n lo acompa\u00f1\u00f3 a retirar un paquete en la zona de la plaza de Toros, en el norte de la capital, y fueron a la terminal terrestre de Carcel\u00e9n para enviar la encomienda a Guayaquil.<\/p>\n<p>En su versi\u00f3n, el uniformado implicado dijo que se dio cuenta que no ten\u00eda la c\u00e9dula y le pidi\u00f3 el documento a su exconviviente para enviar el paquete.<\/p>\n<p>Los an\u00e1lisis de la informaci\u00f3n hallada en los celulares de los procesados, confirm\u00f3 que la mayor\u00eda de las conversaciones v\u00eda WhatsApp era sobre dinero por la manutenci\u00f3n, y no por el hecho investigado.<\/p>\n<p>La Fiscal\u00eda tambi\u00e9n determin\u00f3 que la \u201cconducta de la se\u00f1ora\u201d, es decir enviar la encomienda, era porque su expareja no llev\u00f3 la c\u00e9dula.<\/p>\n<p>&nbsp;<\/p>\n<p>En el caso del segundo sobrese\u00eddo,\u00a0<strong>Franklin L.R., \u00e9l manejaba un taxi y retir\u00f3 unos paquetes para enviarlos por encomienda<\/strong>.<\/p>\n<p>En su versi\u00f3n libre, dijo que trabajaba para el polic\u00eda Darwin R., que era due\u00f1o del carro que conduc\u00eda.<\/p>\n<p>Cont\u00f3 que ten\u00eda dos a\u00f1os trabajando para \u00e9l y siete meses antes del caso, Darwin R. dijo que vend\u00eda el taxi.<\/p>\n<p>Seg\u00fan Franklin L., en febrero propuso comprar el carro por <strong>USD 1 300<\/strong> con cuotas mensuales de <strong>USD 500.<\/strong><\/p>\n<p>En marzo deposit\u00f3 <strong>USD 2 000,<\/strong>\u00a0<strong>en mayo USD 2 500 y en junio USD 500.<\/strong><\/p>\n<p>Asegur\u00f3 no tener documentos de respaldo, solo las transferencias que hizo desde la cuenta bancaria de su esposa.<\/p>\n<p>Franklin adem\u00e1s relat\u00f3 que en marzo, Darwin R., lo llam\u00f3 para que haga un favor: llevar una encomienda y enviarla desde la terminal de Carcel\u00e9n hacia Guayaquil.<\/p>\n<p>&nbsp;<\/p>\n<p>Seg\u00fan el taxista, <strong>Darwin R.<\/strong> dijo que no conoc\u00eda el nombre del se\u00f1or que deb\u00eda entregarle la encomienda, pero lo reconocer\u00eda por un overol plomo o azul y que el paquete conten\u00eda repuestos de carro.<\/p>\n<p>\u201c<strong>Yo pens\u00e9 que s\u00ed era verdad y como mi jefe, el se\u00f1or Darwin R., dijo que era Polic\u00eda, yo entregu\u00e9 el paquete en los env\u00edos. <\/strong><\/p>\n<p><strong>\u00c9l me daba el n\u00famero de c\u00e9dula de qui\u00e9n env\u00eda y qui\u00e9n recibe all\u00e1\u201d, Franklin L.<\/strong><\/p>\n<p>Se\u00f1al\u00f3 que solo en tres ocasiones envi\u00f3 las encomiendas por pedido de Darwin R., que nunca supo d\u00f3nde trabaja y que solo le hab\u00eda dicho que era polic\u00eda.<\/p>\n<p>Despu\u00e9s de dichos env\u00edos, supuestamente nunca m\u00e1s lo llam\u00f3 o pidi\u00f3 favores.<\/p>\n<p>La Fiscal\u00eda en el caso de Franklin L. tambi\u00e9n consider\u00f3 que no hab\u00eda elementos suficientes para acusarlo y fue sobrese\u00eddo.<\/p>\n<p><strong>As\u00ed operaba la red ilegal para desviar el armamento y venderlo.<\/strong><\/p>\n<p>Seis implicados aceptaron su culpabilidad para acogerse a proceso abreviado posiblemente obtener solo el tercio de la pena: 27 meses de prisi\u00f3n.<\/p>\n<p>Durante la instrucci\u00f3n fiscal, se determin\u00f3 c\u00f3mo operaba la red ilegal para desviar el armamento y venderlo. Incluso,\u00a0<strong>hab\u00eda municiones donadas por la Embajada de Estados Unidos que habr\u00edan sido comercializadas.<\/strong><\/p>\n<div>\n<div id=\"twitter-604\" class=\"ck-twitter\"><\/div>\n<\/div>\n<p>Las municiones y armas se ofertaban a al menos tres grupos criminales:<strong> Freddy Kruger, Tiguerones y Mafia 18.\u00a0<\/strong><\/p>\n<p><strong>Los precios iban desde USD 1 000 a USD 7 500 dependiendo del tipo de arma<\/strong>\u00a0de fuego y las balas se ofertaban desde <strong>USD 5 la unidad<\/strong>, seg\u00fan las investigaciones y las conversaciones analizadas.<\/p>\n<p>En uno de los celulares incautados, hab\u00eda un chat donde se hablaba de municiones nueve mil\u00edmetros.<\/p>\n<p>Las dos cajas se ofertaban a<strong> USD 80 y las dejaban a USD 75. <\/strong><\/p>\n<p>En otra conversaci\u00f3n aparece una persona de apodo militar rind\u00f3n -seg\u00fan el expediente- se mencion\u00f3 <strong>400<\/strong> <strong>(presuntamente cajas) con 50 municiones.<\/strong><\/p>\n<p>Otro chat entre los negociadores de la red, se consult\u00f3 <strong>sobre 12 cajas<\/strong> por <strong>USD 1 000.<\/strong><\/p>\n<p>Tambi\u00e9n se ofertaron alimentadores.<\/p>\n<p>Algunas de las balas vendidas eran de fogueo c<strong>alibre 38 y 9 mil\u00edmetros.<\/strong> <strong>Es decir, eran municiones traum\u00e1ticas.<\/strong><\/p>\n<p>&nbsp;<\/p>\n<p>En otro de los celulares, los agentes encontraron una conversaci\u00f3n sobre la venta de<strong> 500 balas a USD 2<\/strong> cada una.<\/p>\n<p>Adem\u00e1s de un pedido de<strong> 50 cajas de balas<\/strong>, control de rastrillos y consultas sobre<strong> municiones 5.56 (para fusil).<\/strong><\/p>\n<p>El caso inici\u00f3 con una denuncia por cohecho en la Fiscal\u00eda General del Estado.<\/p>\n<p>Se analizaron conversaciones telef\u00f3nicas y se sigui\u00f3 a los sospechosos por meses, quienes a veces con uniforme, fueron hasta las cooperativas de buses para dejar encomiendas.<\/p>\n<p>Uno de los implicados supuestamente usaba las redes sociales para ofertar el armamento.<\/p>\n<p>&nbsp;<\/p>\n<p>Las cabezas de la red, seg\u00fan la tesis fiscal, era quienes\u00a0<a href=\"https:\/\/www.ecuavisa.com\/la-noticia-a-fondo\/fiscalia-reformula-cargos-contra-policias-que-vendieron-balas-a-grupos-criminales-y-tendrian-una-pena-menor-20251028-0063.html\" target=\"_blank\" rel=\"noopener\">ten\u00edan acceso directo a las municiones como alias Topo<\/a>, cabo primero de la Polic\u00eda.<\/p>\n<p>\u00c9l era encargado del guarda almac\u00e9n en la Direcci\u00f3n Log\u00edstica de la Polic\u00eda.<\/p>\n<p>Seg\u00fan el expediente, sustra\u00eda las municiones para enviarlas con alias Beto (taxista que fue sobrese\u00eddo) en encomiendas.<\/p>\n<p>Los paquetes eran llegaban a <strong>alias Gangudo<\/strong>, un cabo primero.<\/p>\n<p>Las balas luego eran retiradas por <strong>alias U\u00f1a (sargento segundo),<\/strong> quien las entregaba al polic\u00eda en servicio pasivo que ten\u00eda la tienda virtual de estos art\u00edculos.<\/p>\n<p>Previamente, los sospechosos verificaban sobrantes en los rastrillos para desviar los mismos y posteriormente venderlos.<\/p>\n<p>Por ejemplo, en el expediente se detall\u00f3 que aprovechaban las municiones que no se usaban en las pr\u00e1cticas de tiro para no ingresarlas en el sistema.<\/p>\n<p>Al acogerse a proceso abreviado, se suprimi\u00f3 la convocatoria para preparatoria de juicio.<\/p>\n<p>El juez del caso convoc\u00f3 directamente a una audiencia de juicio que est\u00e1 fijada para el<strong> 24 de febrero de 2026.<\/strong><\/p>\n<p>Los seis implicados tienen prisi\u00f3n preventiva desde hace siete meses.<\/p>\n<p>En el transcurso del caso, intentaron salir de la c\u00e1rcel pero el juez ratific\u00f3 la prisi\u00f3n preventiva. <strong>(I)<\/strong><\/p>\n<div class=\"css-1dbjc4n\">\n<div class=\"css-1dbjc4n r-1bimlpy r-16y2uox r-15zivkp r-1jgb5lz r-14gqq1x r-yfq7p9 r-m5arl1\"><\/div>\n<\/div>\n<div class=\"css-1dbjc4n r-1iusvr4 r-46vdb2 r-1h0z5md r-1a8r3js r-13hce6t\">\n<div class=\"css-1dbjc4n r-18u37iz\">\n<div class=\"css-1dbjc4n r-1d09ksm r-eqz5dr r-1777fci r-1aebqfk\">\n<div class=\"css-1dbjc4n r-1habvwh r-18u37iz r-dnmrzs\">\n<div class=\"css-1dbjc4n r-dr4v9t r-1ny4l3l\">\n<div class=\"css-1dbjc4n r-1wbh5a2 r-dnmrzs r-1ny4l3l\">\n<div class=\"css-1dbjc4n r-1awozwy r-18u37iz r-1wbh5a2 r-dnmrzs r-1ny4l3l\">\n<div class=\"css-1dbjc4n r-1awozwy r-18u37iz r-dnmrzs\">\n<div class=\"css-901oao r-1awozwy r-18jsvk2 r-6koalj r-1qd0xha r-1b43r93 r-b88u0q r-hjklzo r-bcqeeo r-1udh08x r-3s2u2q r-qvutc0\" dir=\"auto\"><strong><span class=\"css-901oao css-16my406 css-1hf3ou5 r-poiln3 r-bcqeeo r-qvutc0\"><span class=\"css-901oao css-16my406 r-poiln3 r-bcqeeo r-qvutc0\">Fiscal\u00eda Ecuador<\/span><\/span><\/strong><\/div>\n<div class=\"css-901oao r-18jsvk2 r-xoduu5 r-18u37iz r-1q142lx r-1qd0xha r-1b43r93 r-16dba41 r-hjklzo r-bcqeeo r-qvutc0\" dir=\"auto\"><\/div>\n<\/div>\n<\/div>\n<\/div>\n<\/div>\n<div class=\"css-1dbjc4n r-1bqc3p3 r-18u37iz\">\n<div class=\"css-901oao r-14j79pv r-1q142lx r-1qd0xha r-1b43r93 r-16dba41 r-hjklzo r-bcqeeo r-s1qlax r-qvutc0\" dir=\"auto\" aria-hidden=\"true\"><strong><span class=\"css-901oao css-16my406 r-poiln3 r-bcqeeo r-qvutc0\">\u00b7<\/span><\/strong><\/div>\n<p><strong><a class=\"css-4rbku5 css-18t94o4 css-901oao css-1hf3ou5 r-14j79pv r-1loqt21 r-1qd0xha r-1b43r93 r-16dba41 r-hjklzo r-bcqeeo r-qvutc0\" dir=\"auto\" role=\"link\" href=\"https:\/\/twitter.com\/FiscaliaEcuador\/status\/1940770190666703328?ref_src=twsrc%5Etfw%7Ctwcamp%5Etweetembed%7Ctwterm%5E1940778986017378493%7Ctwgr%5E338eae34d56bb26a1a76b200d6ff8f3401bc4f62%7Ctwcon%5Es2_&amp;ref_url=https%3A%2F%2Fwww.ecuavisa.com%2Fla-noticia-a-fondo%2Fdepuracion-azul-policias-aceptan-culpabilidad-juicio-ecuador-20260206-0030.html\" target=\"_blank\" rel=\"noopener noreferrer nofollow\"><span class=\"css-901oao css-16my406 r-poiln3 r-bcqeeo r-qvutc0\">3 jul. 2025<\/span><\/a><\/strong><\/div>\n<\/div>\n<div class=\"css-1dbjc4n r-18u37iz\"><strong><a class=\"css-4rbku5 css-18t94o4 css-901oao css-1hf3ou5 r-14j79pv r-1loqt21 r-18u37iz r-1qd0xha r-1b43r93 r-16dba41 r-hjklzo r-bcqeeo r-qvutc0\" dir=\"ltr\" role=\"link\" href=\"https:\/\/twitter.com\/FiscaliaEcuador?ref_src=twsrc%5Etfw%7Ctwcamp%5Etweetembed%7Ctwterm%5E1940778986017378493%7Ctwgr%5E338eae34d56bb26a1a76b200d6ff8f3401bc4f62%7Ctwcon%5Es2_&amp;ref_url=https%3A%2F%2Fwww.ecuavisa.com%2Fla-noticia-a-fondo%2Fdepuracion-azul-policias-aceptan-culpabilidad-juicio-ecuador-20260206-0030.html\" target=\"_blank\" rel=\"noopener noreferrer nofollow\"><span class=\"css-901oao css-16my406 r-poiln3 r-bcqeeo r-qvutc0\">@<\/span><span class=\"css-901oao css-16my406 r-poiln3 r-bcqeeo r-qvutc0\">FiscaliaEcuador<\/span><\/a><\/strong><\/p>\n<div class=\"css-901oao r-14j79pv r-1q142lx r-1qd0xha r-1b43r93 r-16dba41 r-hjklzo r-bcqeeo r-s1qlax r-qvutc0\" dir=\"auto\" aria-hidden=\"true\"><span class=\"css-901oao css-16my406 r-poiln3 r-bcqeeo r-qvutc0\">\u00b7<\/span><\/div>\n<\/div>\n<\/div>\n<\/div>\n<div class=\"css-1dbjc4n\"><a class=\"css-4rbku5 css-18t94o4 css-901oao r-14j79pv r-1loqt21 r-1qd0xha r-1b43r93 r-16dba41 r-hjklzo r-15zivkp r-bcqeeo r-qvutc0\" dir=\"auto\" role=\"link\" href=\"https:\/\/twitter.com\/FiscaliaEcuador\/status\/1940764790827471047?ref_src=twsrc%5Etfw%7Ctwcamp%5Etweetembed%7Ctwterm%5E1940778986017378493%7Ctwgr%5E338eae34d56bb26a1a76b200d6ff8f3401bc4f62%7Ctwcon%5Es2_&amp;ref_url=https%3A%2F%2Fwww.ecuavisa.com%2Fla-noticia-a-fondo%2Fdepuracion-azul-policias-aceptan-culpabilidad-juicio-ecuador-20260206-0030.html\" target=\"_blank\" rel=\"noopener noreferrer nofollow\">En respuesta a <span class=\"css-901oao css-16my406 r-poiln3 r-bcqeeo r-qvutc0\" dir=\"ltr\"><span class=\"css-901oao css-16my406 r-poiln3 r-bcqeeo r-qvutc0\">@FiscaliaEcuador<\/span><\/span><\/a><\/p>\n<div class=\"css-901oao r-18jsvk2 r-1dqbpge r-1qd0xha r-1b43r93 r-16dba41 r-hjklzo r-bcqeeo r-bnwqim r-qvutc0\" dir=\"auto\" lang=\"es\" data-testid=\"tweetText\"><span class=\"css-901oao css-16my406 r-poiln3 r-bcqeeo r-qvutc0\">Caso <\/span><span class=\"r-18u37iz\"><a class=\"css-4rbku5 css-18t94o4 css-901oao css-16my406 r-1loqt21 r-poiln3 r-bcqeeo r-qvutc0\" dir=\"ltr\" role=\"link\" href=\"https:\/\/twitter.com\/hashtag\/Depuraci%C3%B3nAzul?ref_src=twsrc%5Etfw%7Ctwcamp%5Etweetembed%7Ctwterm%5E1940778986017378493%7Ctwgr%5E338eae34d56bb26a1a76b200d6ff8f3401bc4f62%7Ctwcon%5Es2_&amp;ref_url=https%3A%2F%2Fwww.ecuavisa.com%2Fla-noticia-a-fondo%2Fdepuracion-azul-policias-aceptan-culpabilidad-juicio-ecuador-20260206-0030.html&amp;src=hashtag_click\" target=\"_blank\" rel=\"noopener noreferrer nofollow\">#Depuraci\u00f3nAzul<\/a><\/span><span class=\"css-901oao css-16my406 r-poiln3 r-bcqeeo r-qvutc0\"> | Uno de los allanamientos se efect\u00faa en el Departamento de<\/span><\/div>\n<div class=\"css-901oao r-18jsvk2 r-1dqbpge r-1qd0xha r-1b43r93 r-16dba41 r-hjklzo r-bcqeeo r-bnwqim r-qvutc0\" dir=\"auto\" lang=\"es\" data-testid=\"tweetText\"><span class=\"css-901oao css-16my406 r-poiln3 r-bcqeeo r-qvutc0\"> Almacenamiento de la Direcci\u00f3n Nacional de Log\u00edstica de la Polic\u00eda<\/span><\/div>\n<div class=\"css-901oao r-18jsvk2 r-1dqbpge r-1qd0xha r-1b43r93 r-16dba41 r-hjklzo r-bcqeeo r-bnwqim r-qvutc0\" dir=\"auto\" lang=\"es\" data-testid=\"tweetText\"><span class=\"css-901oao css-16my406 r-poiln3 r-bcqeeo r-qvutc0\">donde uniformados habr\u00edan sustra\u00eddo armas y municiones para \u2012presuntamente\u2012 venderlas<\/span><\/div>\n<div class=\"css-901oao r-18jsvk2 r-1dqbpge r-1qd0xha r-1b43r93 r-16dba41 r-hjklzo r-bcqeeo r-bnwqim r-qvutc0\" dir=\"auto\" lang=\"es\" data-testid=\"tweetText\"><span class=\"css-901oao css-16my406 r-poiln3 r-bcqeeo r-qvutc0\"> a grupos de <\/span><span class=\"r-18u37iz\"><a class=\"css-4rbku5 css-18t94o4 css-901oao css-16my406 r-1loqt21 r-poiln3 r-bcqeeo r-qvutc0\" dir=\"ltr\" role=\"link\" href=\"https:\/\/twitter.com\/hashtag\/DelincuenciaOrganizada?ref_src=twsrc%5Etfw%7Ctwcamp%5Etweetembed%7Ctwterm%5E1940778986017378493%7Ctwgr%5E338eae34d56bb26a1a76b200d6ff8f3401bc4f62%7Ctwcon%5Es2_&amp;ref_url=https%3A%2F%2Fwww.ecuavisa.com%2Fla-noticia-a-fondo%2Fdepuracion-azul-policias-aceptan-culpabilidad-juicio-ecuador-20260206-0030.html&amp;src=hashtag_click\" target=\"_blank\" rel=\"noopener noreferrer nofollow\">#DelincuenciaOrganizada<\/a><\/span><span class=\"css-901oao css-16my406 r-poiln3 r-bcqeeo r-qvutc0\">.<\/span><\/div>\n<\/div>\n<\/div>\n<p><img decoding=\"async\" src=\"https:\/\/pbs.twimg.com\/media\/Gu8AEpTWIAANNFg?format=jpg&amp;name=small\" alt=\"Imagen\" \/><\/p>\n<p>&nbsp;<\/p>\n<p><img decoding=\"async\" src=\"https:\/\/pbs.twimg.com\/media\/Gu8AF57XMAADwJk?format=jpg&amp;name=small\" alt=\"Imagen\" \/><\/p>\n<p>&nbsp;<\/p>\n<div class=\"css-1dbjc4n r-18u37iz r-1t982j2\">\n<div class=\"css-1dbjc4n r-eqz5dr r-1777fci r-4amgru r-1kh6xel\">\n<div class=\"css-1dbjc4n r-1ny4l3l\">\n<div class=\"css-1dbjc4n r-1wbh5a2 r-dnmrzs r-1ny4l3l\">\n<div class=\"css-1dbjc4n r-1wbh5a2 r-dnmrzs r-1ny4l3l\">\n<div class=\"css-1dbjc4n r-1awozwy r-18u37iz r-dnmrzs\">\n<div class=\"css-901oao r-1awozwy r-18jsvk2 r-6koalj r-1qd0xha r-1b43r93 r-b88u0q r-hjklzo r-bcqeeo r-1udh08x r-3s2u2q r-qvutc0\" dir=\"auto\"><strong><span class=\"css-901oao css-16my406 css-1hf3ou5 r-poiln3 r-bcqeeo r-qvutc0\"><span class=\"css-901oao css-16my406 r-poiln3 r-bcqeeo r-qvutc0\">Fiscal\u00eda Ecuador<\/span><\/span><\/strong><\/div>\n<div class=\"css-901oao r-18jsvk2 r-xoduu5 r-18u37iz r-1q142lx r-1qd0xha r-1b43r93 r-16dba41 r-hjklzo r-bcqeeo r-qvutc0\" dir=\"auto\"><\/div>\n<\/div>\n<div class=\"css-1dbjc4n r-1awozwy r-18u37iz r-1wbh5a2\">\n<div class=\"css-1dbjc4n\">\n<div class=\"css-901oao css-1hf3ou5 r-14j79pv r-18u37iz r-1qd0xha r-1wvb978 r-1b43r93 r-16dba41 r-hjklzo r-bcqeeo r-qvutc0\" dir=\"ltr\"><strong><span class=\"css-901oao css-16my406 r-poiln3 r-bcqeeo r-qvutc0\">@FiscaliaEcuador<\/span><\/strong><\/div>\n<\/div>\n<div class=\"css-1dbjc4n r-18u37iz r-1q142lx\">\n<div class=\"css-901oao r-14j79pv r-1q142lx r-1qd0xha r-1b43r93 r-16dba41 r-hjklzo r-bcqeeo r-s1qlax r-qvutc0\" dir=\"auto\" aria-hidden=\"true\"><span class=\"css-901oao css-16my406 r-poiln3 r-bcqeeo r-qvutc0\">\u00b7<\/span><\/div>\n<\/div>\n<\/div>\n<\/div>\n<\/div>\n<\/div>\n<\/div>\n<\/div>\n<div class=\"css-1dbjc4n\">\n<div class=\"css-901oao r-18jsvk2 r-1dqbpge r-1qd0xha r-1b6yd1w r-16dba41 r-7ptqe7 r-bcqeeo r-bnwqim r-qvutc0\" dir=\"auto\" lang=\"es\" data-testid=\"tweetText\"><span class=\"css-901oao css-16my406 r-poiln3 r-bcqeeo r-qvutc0\">Caso <\/span><span class=\"r-18u37iz\"><a class=\"css-4rbku5 css-18t94o4 css-901oao css-16my406 r-1loqt21 r-poiln3 r-bcqeeo r-qvutc0\" dir=\"ltr\" role=\"link\" href=\"https:\/\/twitter.com\/hashtag\/Depuraci%C3%B3nAzul?ref_src=twsrc%5Etfw%7Ctwcamp%5Etweetembed%7Ctwterm%5E1940778986017378493%7Ctwgr%5E338eae34d56bb26a1a76b200d6ff8f3401bc4f62%7Ctwcon%5Es1_&amp;ref_url=https%3A%2F%2Fwww.ecuavisa.com%2Fla-noticia-a-fondo%2Fdepuracion-azul-policias-aceptan-culpabilidad-juicio-ecuador-20260206-0030.html&amp;src=hashtag_click\" target=\"_blank\" rel=\"noopener noreferrer nofollow\">#Depuraci\u00f3nAzul<\/a><\/span><span class=\"css-901oao css-16my406 r-poiln3 r-bcqeeo r-qvutc0\"> | En las 4 provincias se ejecutaron \u00f3rdenes<\/span><\/div>\n<div class=\"css-901oao r-18jsvk2 r-1dqbpge r-1qd0xha r-1b6yd1w r-16dba41 r-7ptqe7 r-bcqeeo r-bnwqim r-qvutc0\" dir=\"auto\" lang=\"es\" data-testid=\"tweetText\"><span class=\"css-901oao css-16my406 r-poiln3 r-bcqeeo r-qvutc0\"> de detenci\u00f3n contra 9 sospechosos que integrar\u00edan esta presunta red delictiva. <\/span><\/div>\n<div class=\"css-901oao r-18jsvk2 r-1dqbpge r-1qd0xha r-1b6yd1w r-16dba41 r-7ptqe7 r-bcqeeo r-bnwqim r-qvutc0\" dir=\"auto\" lang=\"es\" data-testid=\"tweetText\"><span class=\"css-901oao css-16my406 r-poiln3 r-bcqeeo r-qvutc0\">Entre ellos, figuran transportistas que habr\u00edan entregado las armas y municione<\/span><\/div>\n<div class=\"css-901oao r-18jsvk2 r-1dqbpge r-1qd0xha r-1b6yd1w r-16dba41 r-7ptqe7 r-bcqeeo r-bnwqim r-qvutc0\" dir=\"auto\" lang=\"es\" data-testid=\"tweetText\"><span class=\"css-901oao css-16my406 r-poiln3 r-bcqeeo r-qvutc0\">s a grupos criminales. (En desarrollo)<\/span><\/div>\n<\/div>\n<div dir=\"auto\" lang=\"es\" data-testid=\"tweetText\"><\/div>\n<p><img fetchpriority=\"high\" decoding=\"async\" class=\"\" src=\"https:\/\/pbs.twimg.com\/media\/Gu8ICSaWgAAZmgY?format=jpg&amp;name=360x360\" alt=\"Imagen\" width=\"588\" height=\"451\" \/><\/p>\n<p><img decoding=\"async\" class=\"\" src=\"https:\/\/pbs.twimg.com\/media\/Gu8IDggWsAA5Ax7?format=jpg&amp;name=360x360\" alt=\"Imagen\" width=\"581\" height=\"547\" \/><\/p>\n<p>&nbsp;<\/p>\n<p><img decoding=\"async\" class=\"\" src=\"https:\/\/pbs.twimg.com\/media\/Gu8IE9PXMAA-CH-?format=jpg&amp;name=360x360\" alt=\"Imagen\" width=\"578\" height=\"486\" \/><\/p>\n<p>&nbsp;<\/p>\n<p><img loading=\"lazy\" decoding=\"async\" class=\"\" src=\"https:\/\/pbs.twimg.com\/media\/Gu8IGRcX0AArar8?format=jpg&amp;name=360x360\" alt=\"Imagen\" width=\"572\" height=\"483\" \/><\/p>\n<p><strong>Fuente:<\/strong> evafm.net &#8211; ecuavisa.com<\/p>\n<p>&nbsp;<\/p>\n<p>&nbsp;<\/p>\n<p>&nbsp;<\/p>\n<p>&nbsp;<\/p>\n<div class=\"gsp_post_data\" \r\n\t            data-post_type=\"post\" \r\n\t            data-cat=\"general,noticias-ecuador\" \r\n\t            data-modified=\"120\"\r\n\t            data-created=\"1770552388\"\r\n\t            data-title=\"Polic\u00edas que vendieron armas a bandas aceptan los cargos para reducir la condena\" \r\n\t            data-home=\"https:\/\/www.evafm.net\/sitio\"><\/div>","protected":false},"excerpt":{"rendered":"<p>Lo que comenz\u00f3 como un caso m\u00e1s de\u00a0delincuencia organizada, destap\u00f3 una\u00a0red integrada por polic\u00edas de Ecuador que desviaban armas y municiones\u00a0para venderlas a grupos criminales. Hubo ocho detenidos, entre ellos cinco uniformados, que\u00a0aceptaron su culpabilidad para acogerse a un proceso abreviado\u00a0y tener una reducci\u00f3n de pena. As\u00ed consta en un oficio de la Fiscal\u00eda, en&#8230;<\/p>\n","protected":false},"author":5,"featured_media":98994,"comment_status":"closed","ping_status":"open","sticky":false,"template":"","format":"standard","meta":{"_joinchat":[],"footnotes":""},"categories":[1720,1558],"tags":[],"class_list":["post-98993","post","type-post","status-publish","format-standard","has-post-thumbnail","hentry","category-general","category-noticias-ecuador","have-post-thumb"],"_links":{"self":[{"href":"https:\/\/www.evafm.net\/sitio\/wp-json\/wp\/v2\/posts\/98993","targetHints":{"allow":["GET"]}}],"collection":[{"href":"https:\/\/www.evafm.net\/sitio\/wp-json\/wp\/v2\/posts"}],"about":[{"href":"https:\/\/www.evafm.net\/sitio\/wp-json\/wp\/v2\/types\/post"}],"author":[{"embeddable":true,"href":"https:\/\/www.evafm.net\/sitio\/wp-json\/wp\/v2\/users\/5"}],"replies":[{"embeddable":true,"href":"https:\/\/www.evafm.net\/sitio\/wp-json\/wp\/v2\/comments?post=98993"}],"version-history":[{"count":1,"href":"https:\/\/www.evafm.net\/sitio\/wp-json\/wp\/v2\/posts\/98993\/revisions"}],"predecessor-version":[{"id":98995,"href":"https:\/\/www.evafm.net\/sitio\/wp-json\/wp\/v2\/posts\/98993\/revisions\/98995"}],"wp:featuredmedia":[{"embeddable":true,"href":"https:\/\/www.evafm.net\/sitio\/wp-json\/wp\/v2\/media\/98994"}],"wp:attachment":[{"href":"https:\/\/www.evafm.net\/sitio\/wp-json\/wp\/v2\/media?parent=98993"}],"wp:term":[{"taxonomy":"category","embeddable":true,"href":"https:\/\/www.evafm.net\/sitio\/wp-json\/wp\/v2\/categories?post=98993"},{"taxonomy":"post_tag","embeddable":true,"href":"https:\/\/www.evafm.net\/sitio\/wp-json\/wp\/v2\/tags?post=98993"}],"curies":[{"name":"wp","href":"https:\/\/api.w.org\/{rel}","templated":true}]}}