{"id":99007,"date":"2026-02-08T13:17:26","date_gmt":"2026-02-08T18:17:26","guid":{"rendered":"https:\/\/www.evafm.net\/sitio\/?p=99007"},"modified":"2026-02-08T13:17:26","modified_gmt":"2026-02-08T18:17:26","slug":"claudio-spinelli-llego-a-brasil-para-firmar-por-vasco-da-gama","status":"publish","type":"post","link":"https:\/\/www.evafm.net\/sitio\/claudio-spinelli-llego-a-brasil-para-firmar-por-vasco-da-gama\/","title":{"rendered":"Claudio Spinelli lleg\u00f3 a Brasil para firmar por Vasco Da Gama"},"content":{"rendered":"<p><strong><a href=\"https:\/\/www.ecuavisa.com\/futbol-nacional\/independiente-del-valle-eligio-nuevo-delantero-reemplazar-claudio-spinelli-20260206-0036.html\" target=\"_blank\" rel=\"noopener\">Claudio Spinelli<\/a>\u00a0<\/strong>lleg\u00f3 la ma\u00f1ana de este s\u00e1bado 7 de febrero a Brasil para convertirse en el nuevo delantero de <strong>Vasco da Gama<\/strong>, tras su exitoso paso por\u00a0<a href=\"https:\/\/www.ecuavisa.com\/deportes\/ind-del-valle\" target=\"_blank\" rel=\"noopener\">Independiente del Valle<\/a>, donde fue el goleador del equipo y uno de los mejores jugadores de la LigaPro 2025.<\/p>\n<p><strong>El atacante argentino arrib\u00f3 al Aeropuerto Internacional de Gale\u00e3o<\/strong>, donde dialog\u00f3 con los medios de comunicaci\u00f3n y expres\u00f3 su alegr\u00eda por afrontar este nuevo desaf\u00edo en su carrera, en el que buscar\u00e1 consolidarse como la nueva carta goleadora del club brasile\u00f1o.<\/p>\n<p><strong>\u201cEs un gran paso. Un gran desaf\u00edo deportivo para m\u00ed. Estoy muy feliz y con muchas ganas\u201d<\/strong>, se\u00f1al\u00f3 Spinelli.<\/p>\n<p>\u201cOjal\u00e1 pueda seguir sus pasos (los de Cano y Vegetti).<\/p>\n<p><strong>Espero adaptarme r\u00e1pido a mis compa\u00f1eros, al entrenador y a la hinchada.\u00a0<\/strong><\/p>\n<p>Tengo muchas ganas y prometo dejar la vida por el equipo y por la afici\u00f3n\u201d, agreg\u00f3.<\/p>\n<p><strong>El futbolista se someter\u00e1 a los ex\u00e1menes m\u00e9dicos antes de firmar su contrato y ser anunciado oficialmente por Vasco da Gama<\/strong>, que pag\u00f3 2 millones de d\u00f3lares a Independiente del Valle por el pase<\/p>\n<p>del delantero argentino.<\/p>\n<p>Con la camiseta de Independiente del Valle,\u00a0<strong>Spinelli marc\u00f3 28 goles en 50 partidos.<\/strong><\/p>\n<p>Adem\u00e1s, anot\u00f3 cuatro goles en seis encuentros de la Copa Libertadores y otros cuatro en ocho partidos de la Copa Sudamericana, dos de ellos frente a Vasco da Gama, su nuevo club. <strong>(D)<\/strong><\/p>\n<p>&nbsp;<\/p>\n<blockquote class=\"twitter-tweet\" data-width=\"550\" data-dnt=\"true\">\n<p lang=\"pt\" dir=\"ltr\">As primeiras palavras de Spinelli como refor\u00e7o do Vasco <a href=\"https:\/\/t.co\/4wzEKVKIYP\">pic.twitter.com\/4wzEKVKIYP<\/a><\/p>\n<p>&mdash; Bruno Murito (@brunomurito) <a href=\"https:\/\/twitter.com\/brunomurito\/status\/2020095926006952403?ref_src=twsrc%5Etfw\">February 7, 2026<\/a><\/p><\/blockquote>\n<p><script async src=\"https:\/\/platform.twitter.com\/widgets.js\" charset=\"utf-8\"><\/script><\/p>\n<p><strong>Fuente:<\/strong> evafm.net &#8211; ecuavisa.com &#8211;<\/p>\n<p>&nbsp;<\/p>\n<div class=\"gsp_post_data\" \r\n\t            data-post_type=\"post\" \r\n\t            data-cat=\"deportes-internacionales,general\" \r\n\t            data-modified=\"120\"\r\n\t            data-created=\"1770556646\"\r\n\t            data-title=\"Claudio Spinelli lleg\u00f3 a Brasil para firmar por Vasco Da Gama\" \r\n\t            data-home=\"https:\/\/www.evafm.net\/sitio\"><\/div>","protected":false},"excerpt":{"rendered":"<p>Claudio Spinelli\u00a0lleg\u00f3 la ma\u00f1ana de este s\u00e1bado 7 de febrero a Brasil para convertirse en el nuevo delantero de Vasco da Gama, tras su exitoso paso por\u00a0Independiente del Valle, donde fue el goleador del equipo y uno de los mejores jugadores de la LigaPro 2025. El atacante argentino arrib\u00f3 al Aeropuerto Internacional de Gale\u00e3o, donde&#8230;<\/p>\n","protected":false},"author":5,"featured_media":99008,"comment_status":"closed","ping_status":"open","sticky":false,"template":"","format":"standard","meta":{"_joinchat":[],"footnotes":""},"categories":[1342,1720],"tags":[],"class_list":["post-99007","post","type-post","status-publish","format-standard","has-post-thumbnail","hentry","category-deportes-internacionales","category-general","have-post-thumb"],"_links":{"self":[{"href":"https:\/\/www.evafm.net\/sitio\/wp-json\/wp\/v2\/posts\/99007","targetHints":{"allow":["GET"]}}],"collection":[{"href":"https:\/\/www.evafm.net\/sitio\/wp-json\/wp\/v2\/posts"}],"about":[{"href":"https:\/\/www.evafm.net\/sitio\/wp-json\/wp\/v2\/types\/post"}],"author":[{"embeddable":true,"href":"https:\/\/www.evafm.net\/sitio\/wp-json\/wp\/v2\/users\/5"}],"replies":[{"embeddable":true,"href":"https:\/\/www.evafm.net\/sitio\/wp-json\/wp\/v2\/comments?post=99007"}],"version-history":[{"count":1,"href":"https:\/\/www.evafm.net\/sitio\/wp-json\/wp\/v2\/posts\/99007\/revisions"}],"predecessor-version":[{"id":99009,"href":"https:\/\/www.evafm.net\/sitio\/wp-json\/wp\/v2\/posts\/99007\/revisions\/99009"}],"wp:featuredmedia":[{"embeddable":true,"href":"https:\/\/www.evafm.net\/sitio\/wp-json\/wp\/v2\/media\/99008"}],"wp:attachment":[{"href":"https:\/\/www.evafm.net\/sitio\/wp-json\/wp\/v2\/media?parent=99007"}],"wp:term":[{"taxonomy":"category","embeddable":true,"href":"https:\/\/www.evafm.net\/sitio\/wp-json\/wp\/v2\/categories?post=99007"},{"taxonomy":"post_tag","embeddable":true,"href":"https:\/\/www.evafm.net\/sitio\/wp-json\/wp\/v2\/tags?post=99007"}],"curies":[{"name":"wp","href":"https:\/\/api.w.org\/{rel}","templated":true}]}}