{"id":99017,"date":"2026-02-08T15:29:49","date_gmt":"2026-02-08T20:29:49","guid":{"rendered":"https:\/\/www.evafm.net\/sitio\/?p=99017"},"modified":"2026-02-08T15:29:49","modified_gmt":"2026-02-08T20:29:49","slug":"independiente-del-valle-vencio-a-deportivo-quito-en-el-idv-fest","status":"publish","type":"post","link":"https:\/\/www.evafm.net\/sitio\/independiente-del-valle-vencio-a-deportivo-quito-en-el-idv-fest\/","title":{"rendered":"Independiente del Valle venci\u00f3 a Deportivo Quito en el IDV Fest"},"content":{"rendered":"<p>El actual campe\u00f3n de la<a href=\"https:\/\/www.ecuavisa.com\/tema\/liga-pro-t95090\" target=\"_blank\" rel=\"noopener\">\u00a0LigaPro<\/a>,\u00a0<a href=\"https:\/\/www.ecuavisa.com\/deportes\/ind-del-valle\" target=\"_blank\" rel=\"noopener\">Independiente del Valle<\/a>,<strong>\u00a0derrot\u00f3 2-1 a Deportivo Quito<\/strong>\u00a0en un partido amistoso, en el que los negriazules presentaron oficialmente su plantilla para la temporada 2026 durante el<strong>\u00a0IDV Fest.<\/strong><\/p>\n<p><strong>Independiente del Valle mantuvo su identidad de juego, caracterizada por la presi\u00f3n alta y el juego asociativo.<\/strong><\/p>\n<p>Control\u00f3 el partido de principio a fin, salvo algunos destellos de Deportivo Quito, que no cont\u00f3 con su nuevo jugador Roberto Ord\u00f3\u00f1ez.<\/p>\n<p>El primer gol de los Rayados lleg\u00f3 al minuto seis.<strong>\u00a0Djorkaeff Reasco aprovech\u00f3 un rebote, gir\u00f3 y con un remate de pierna izquierda infl\u00f3 las redes del estadio de IDV<\/strong>, marcando as\u00ed su primer gol con esta camiseta.<\/p>\n<p>Posteriormente, Independiente del Valle gener\u00f3 varias ocasiones para ampliar la ventaja; sin embargo,\u00a0<strong>Junior Sornoza, el propio Reasco y Mat\u00edas Perell\u00f3 no lograron concretarlas.<\/strong><\/p>\n<p>&nbsp;<\/p>\n<p>Sobre el cierre del primer tiempo,\u00a0<strong>Deportivo Quito reaccion\u00f3 por medio de Oscar Valencia<\/strong>, quien aprovech\u00f3 una precisa asistencia de <strong>William Ocles<\/strong> para igualar el encuentro.<\/p>\n<p>En la segunda mitad, ambos equipos realizaron variantes.<\/p>\n<p>Finalmente,<strong>\u00a0Independiente del Valle consigui\u00f3 el gol de la victoria gracias a Justin Lerma<\/strong>, quien capitaliz\u00f3 un rebote tras un remate de Reasco.<\/p>\n<p>Los negriazules se preparan ahora para su pr\u00f3ximo compromiso amistoso, que se disputar\u00e1 este\u00a0<strong>viernes 13 de febrero frente al Inter Miami, en Puerto Rico. (D)<\/strong><\/p>\n<p><iframe title=\"#INDEPENDIENTEDELVALLE se impuso a #DEPORTIVOQUITO en la IDV Fest | Ind. del Valle 2-1 Dep. Quito\" width=\"1200\" height=\"675\" src=\"https:\/\/www.youtube.com\/embed\/k6Ubo6msG4I?feature=oembed\" frameborder=\"0\" allow=\"accelerometer; autoplay; clipboard-write; encrypted-media; gyroscope; picture-in-picture; web-share\" referrerpolicy=\"strict-origin-when-cross-origin\" allowfullscreen><\/iframe><\/p>\n<p><strong>Fuente:<\/strong> evafm.net &#8211; yoube.com<\/p>\n<p>&nbsp;<\/p>\n<div class=\"gsp_post_data\" \r\n\t            data-post_type=\"post\" \r\n\t            data-cat=\"deportes-ecuador\" \r\n\t            data-modified=\"120\"\r\n\t            data-created=\"1770564589\"\r\n\t            data-title=\"Independiente del Valle venci\u00f3 a Deportivo Quito en el IDV Fest\" \r\n\t            data-home=\"https:\/\/www.evafm.net\/sitio\"><\/div>","protected":false},"excerpt":{"rendered":"<p>El actual campe\u00f3n de la\u00a0LigaPro,\u00a0Independiente del Valle,\u00a0derrot\u00f3 2-1 a Deportivo Quito\u00a0en un partido amistoso, en el que los negriazules presentaron oficialmente su plantilla para la temporada 2026 durante el\u00a0IDV Fest. Independiente del Valle mantuvo su identidad de juego, caracterizada por la presi\u00f3n alta y el juego asociativo. Control\u00f3 el partido de principio a fin, salvo&#8230;<\/p>\n","protected":false},"author":5,"featured_media":99018,"comment_status":"closed","ping_status":"open","sticky":false,"template":"","format":"standard","meta":{"_joinchat":[],"footnotes":""},"categories":[1557],"tags":[],"class_list":["post-99017","post","type-post","status-publish","format-standard","has-post-thumbnail","hentry","category-deportes-ecuador","have-post-thumb"],"_links":{"self":[{"href":"https:\/\/www.evafm.net\/sitio\/wp-json\/wp\/v2\/posts\/99017","targetHints":{"allow":["GET"]}}],"collection":[{"href":"https:\/\/www.evafm.net\/sitio\/wp-json\/wp\/v2\/posts"}],"about":[{"href":"https:\/\/www.evafm.net\/sitio\/wp-json\/wp\/v2\/types\/post"}],"author":[{"embeddable":true,"href":"https:\/\/www.evafm.net\/sitio\/wp-json\/wp\/v2\/users\/5"}],"replies":[{"embeddable":true,"href":"https:\/\/www.evafm.net\/sitio\/wp-json\/wp\/v2\/comments?post=99017"}],"version-history":[{"count":1,"href":"https:\/\/www.evafm.net\/sitio\/wp-json\/wp\/v2\/posts\/99017\/revisions"}],"predecessor-version":[{"id":99019,"href":"https:\/\/www.evafm.net\/sitio\/wp-json\/wp\/v2\/posts\/99017\/revisions\/99019"}],"wp:featuredmedia":[{"embeddable":true,"href":"https:\/\/www.evafm.net\/sitio\/wp-json\/wp\/v2\/media\/99018"}],"wp:attachment":[{"href":"https:\/\/www.evafm.net\/sitio\/wp-json\/wp\/v2\/media?parent=99017"}],"wp:term":[{"taxonomy":"category","embeddable":true,"href":"https:\/\/www.evafm.net\/sitio\/wp-json\/wp\/v2\/categories?post=99017"},{"taxonomy":"post_tag","embeddable":true,"href":"https:\/\/www.evafm.net\/sitio\/wp-json\/wp\/v2\/tags?post=99017"}],"curies":[{"name":"wp","href":"https:\/\/api.w.org\/{rel}","templated":true}]}}