{"id":99143,"date":"2026-02-12T18:28:33","date_gmt":"2026-02-12T23:28:33","guid":{"rendered":"https:\/\/www.evafm.net\/sitio\/?p=99143"},"modified":"2026-02-12T18:28:33","modified_gmt":"2026-02-12T23:28:33","slug":"tottenham-echo-a-thomas-frank-por-malos-resultados","status":"publish","type":"post","link":"https:\/\/www.evafm.net\/sitio\/tottenham-echo-a-thomas-frank-por-malos-resultados\/","title":{"rendered":"Tottenham ech\u00f3 a Thomas Frank por malos resultados"},"content":{"rendered":"<div id=\"element-body-0\" class=\"sc-136cd478-0 ekTCfV\">\n<p>Sumido en una racha de malos resultados que ya lo tienen cerca de los puestos de descenso en la\u00a0<a class=\"slug\" title=\"Premier League\" href=\"https:\/\/www.ole.com.ar\/tema\/premier-league.html\">Premier League<\/a>,\u00a0<strong>el\u00a0<a class=\"slug\" title=\"Tottenham Hotspur\" href=\"https:\/\/www.ole.com.ar\/tema\/tottenham-hotspur.html\">Tottenham<\/a>\u00a0decidi\u00f3 dar un golpe de tim\u00f3n y despidi\u00f3 a su t\u00e9cnico, Thomas Frank.<\/strong><\/p>\n<p>El club lo comunic\u00f3 este mi\u00e9rcoles, luego de la derrota con <strong>Newcastle<\/strong>, y ahora deber\u00e1 salir a buscar un reemplazante en plena temporada.<\/p>\n<\/div>\n<div id=\"element-body-1\" class=\"sc-136cd478-0 ekTCfV\">\n<p>Los malos resultados terminaron por condenar el ciclo del DT dan\u00e9s.<\/p>\n<p>Durante sus nueve meses en el cargo\u00a0<strong>sum\u00f3 la misma cantidad de triunfos que de derrotas (13),\u00a0<\/strong>adem\u00e1s de <strong>11 empates. <\/strong><\/p>\n<p>Lo sostuvo su buena\u00a0<a class=\"slug\" title=\"Champions League\" href=\"https:\/\/www.ole.com.ar\/tema\/champions-league.html\">Champions League<\/a>, donde el equipo del<strong><a class=\"slug\" title=\"Cristian Romero\" href=\"https:\/\/www.ole.com.ar\/tema\/cristian-romero.html\">Cuti Romero<\/a><\/strong>clasific\u00f3 directo a octavos tras ser cuarto en la general.<\/p>\n<p><strong>Campa\u00f1a para el olvido:<\/strong><\/p>\n<p>No obstante, los resultados a nivel local lo dejaron expuesto.<\/p>\n<p>En la Premier League el Tottenham marcha 16\u00b0,\u00a0<strong>solo cinco puntos por encima del descenso<\/strong>, mientras que en las copas dom\u00e9sticas el equipo cay\u00f3 en su debut en la FA Cup contra el Aston Villa y en segunda ronda de la Copa de la Liga contra el Newcastle.<\/p>\n<p>M\u00e1s a\u00fan, el equipo solo gan\u00f3 un encuentro como local en este 2026 y, en Premier,\u00a0<strong>acumula ocho partidos sin ganar<\/strong>, su peor registro desde el 2008. Sin acci\u00f3n este fin de semana, su pr\u00f3ximo duelo ser\u00e1 nada menos que ante el l\u00edder <strong>Arsenal, el domingo 22 de febrero.<\/strong><\/p>\n<p><strong>La situaci\u00f3n del Cuti Romero:<\/strong><\/p>\n<p>Cuti Romero, el capit\u00e1n del equipo, tambi\u00e9n atraviesa un momento delicado y sinti\u00f3 el baj\u00f3n del equipo.<\/p>\n<p>En las \u00faltimas semanas critic\u00f3 a la dirigencia por falta de refuerzos y fue expulsado en la derrota frente al Manchester United,\u00a0<strong>roja directa que tuvo cuatro fechas de sanci\u00f3n como saldo.<\/strong><\/p>\n<p>El cordob\u00e9s se perder\u00e1 el cl\u00e1sico contra el <strong>Arsenal y tampoco estara vs. Fulham ni Crystal Palace. \u00bfVolver\u00e1 con nuevo DT?.<\/strong><\/p>\n<p><strong>El comunicado del Tottenham:<\/strong><\/p>\n<div id=\"element-body-12\" class=\"sc-136cd478-0 ekTCfV\">\n<p>El Club ha tomado la decisi\u00f3n de realizar un cambio en el puesto de entrenador jefe masculino y Thomas Frank se marchar\u00e1 hoy.<\/p>\n<\/div>\n<div id=\"element-body-13\" class=\"sc-136cd478-0 ekTCfV\">\n<p>Thomas fue designado en junio de 2025 y estamos decididos a brindarle el tiempo y el apoyo necesarios para construir el futuro juntos.<\/p>\n<\/div>\n<div id=\"element-body-14\" class=\"sc-136cd478-0 ekTCfV\">\n<p>Sin embargo, los resultados y el rendimiento han llevado a la Junta a concluir que es necesario un cambio en este punto de la temporada.<\/p>\n<\/div>\n<div id=\"element-body-15\" class=\"sc-136cd478-0 ekTCfV\">\n<p>Durante su trayectoria en el Club, Thomas se ha comportado con un compromiso inquebrantable, d\u00e1ndolo todo para impulsar el Club.<\/p>\n<p>Le agradecemos su contribuci\u00f3n y le deseamos mucho \u00e9xito en el futuro<strong>. (D)<\/strong><\/p>\n<\/div>\n<p><strong>Fuente:<\/strong> evafm.net &#8211; ole.com.ar<\/p>\n<\/div>\n<div id=\"element-body-1\" class=\"sc-136cd478-0 ekTCfV\">\n<p>&nbsp;<\/p>\n<\/div>\n<div id=\"element-body-1\" class=\"sc-136cd478-0 ekTCfV\">\n<p>&nbsp;<\/p>\n<\/div>\n<div class=\"gsp_post_data\" \r\n\t            data-post_type=\"post\" \r\n\t            data-cat=\"deportes-internacionales\" \r\n\t            data-modified=\"120\"\r\n\t            data-created=\"1770920913\"\r\n\t            data-title=\"Tottenham ech\u00f3 a Thomas Frank por malos resultados\" \r\n\t            data-home=\"https:\/\/www.evafm.net\/sitio\"><\/div>","protected":false},"excerpt":{"rendered":"<p>Sumido en una racha de malos resultados que ya lo tienen cerca de los puestos de descenso en la\u00a0Premier League,\u00a0el\u00a0Tottenham\u00a0decidi\u00f3 dar un golpe de tim\u00f3n y despidi\u00f3 a su t\u00e9cnico, Thomas Frank. El club lo comunic\u00f3 este mi\u00e9rcoles, luego de la derrota con Newcastle, y ahora deber\u00e1 salir a buscar un reemplazante en plena temporada&#8230;.<\/p>\n","protected":false},"author":5,"featured_media":99144,"comment_status":"closed","ping_status":"open","sticky":false,"template":"","format":"standard","meta":{"_joinchat":[],"footnotes":""},"categories":[1342],"tags":[],"class_list":["post-99143","post","type-post","status-publish","format-standard","has-post-thumbnail","hentry","category-deportes-internacionales","have-post-thumb"],"_links":{"self":[{"href":"https:\/\/www.evafm.net\/sitio\/wp-json\/wp\/v2\/posts\/99143","targetHints":{"allow":["GET"]}}],"collection":[{"href":"https:\/\/www.evafm.net\/sitio\/wp-json\/wp\/v2\/posts"}],"about":[{"href":"https:\/\/www.evafm.net\/sitio\/wp-json\/wp\/v2\/types\/post"}],"author":[{"embeddable":true,"href":"https:\/\/www.evafm.net\/sitio\/wp-json\/wp\/v2\/users\/5"}],"replies":[{"embeddable":true,"href":"https:\/\/www.evafm.net\/sitio\/wp-json\/wp\/v2\/comments?post=99143"}],"version-history":[{"count":1,"href":"https:\/\/www.evafm.net\/sitio\/wp-json\/wp\/v2\/posts\/99143\/revisions"}],"predecessor-version":[{"id":99145,"href":"https:\/\/www.evafm.net\/sitio\/wp-json\/wp\/v2\/posts\/99143\/revisions\/99145"}],"wp:featuredmedia":[{"embeddable":true,"href":"https:\/\/www.evafm.net\/sitio\/wp-json\/wp\/v2\/media\/99144"}],"wp:attachment":[{"href":"https:\/\/www.evafm.net\/sitio\/wp-json\/wp\/v2\/media?parent=99143"}],"wp:term":[{"taxonomy":"category","embeddable":true,"href":"https:\/\/www.evafm.net\/sitio\/wp-json\/wp\/v2\/categories?post=99143"},{"taxonomy":"post_tag","embeddable":true,"href":"https:\/\/www.evafm.net\/sitio\/wp-json\/wp\/v2\/tags?post=99143"}],"curies":[{"name":"wp","href":"https:\/\/api.w.org\/{rel}","templated":true}]}}