{"id":99146,"date":"2026-02-12T18:47:27","date_gmt":"2026-02-12T23:47:27","guid":{"rendered":"https:\/\/www.evafm.net\/sitio\/?p=99146"},"modified":"2026-02-12T18:47:27","modified_gmt":"2026-02-12T23:47:27","slug":"atletico-mineiro-anuncio-salida-de-jorge-sampaoli-como-dt","status":"publish","type":"post","link":"https:\/\/www.evafm.net\/sitio\/atletico-mineiro-anuncio-salida-de-jorge-sampaoli-como-dt\/","title":{"rendered":"Atletico MIneiro anuncio salida de Jorge Sampaoli como DT"},"content":{"rendered":"<div id=\"element-body-0\" class=\"sc-136cd478-0 ekTCfV\">\n<p>El f\u00fatbol brasile\u00f1o con menos de 45 d\u00edas desde el inicio de 2026, ya se llev\u00f3 puesto al DT de tres ecuatorianos.<\/p>\n<p><strong>Y si, estamos hablando, ni m\u00e1s ni menos, que del Atl\u00e9tico Mineiro<\/strong>, que tiene en sus filas a\u00a0<strong><a title=\"\u00c1ngelo Preciado\" href=\"https:\/\/www.ole.com.ar\/ecuador\/internacional\/angelo-preciado-atletico-mineiro-refuerzo-oficial-presentacion_0_6LQDi23EFP.html\" target=\"_blank\" rel=\"noopener\">\u00c1ngelo Preciado<\/a><\/strong>,\u00a0<strong><a title=\"Alan Franco\" href=\"https:\/\/www.ole.com.ar\/tema\/alan-franco.html\" target=\"_blank\" rel=\"noopener\">Alan Franco<\/a><\/strong>\u00a0y\u00a0<strong><a title=\"Alan Minda\" href=\"https:\/\/www.ole.com.ar\/ecuador\/internacional\/oficial-alan-minda-nuevo-jugador-atletico-mineiro_0_DsIegnDhHe.html\" target=\"_blank\" rel=\"noopener\">Alan Minda<\/a><\/strong>.<\/p>\n<p>La expectativa por los tres tricolores juntos, no tuvo el arranque esperado.<\/p>\n<\/div>\n<div id=\"element-body-1\" class=\"sc-136cd478-0 ekTCfV\">\n<p>Lo cierto es que en la jornada de este jueves 12 de febrero\u00a0<strong>el club brasile\u00f1o anunci\u00f3 la salida de Jorge Sampaoli<\/strong>.<\/p>\n<p>El entrenador argentino qued\u00f3 en el ojo de la tormenta, tras el sorpresivo empate por 3-3 ante Remo por el Brasilerao, donde dej\u00f3 dos puntos<\/p>\n<p>en el camino de un torneo tan largo como disputado.<\/p>\n<\/div>\n<div id=\"element-body-2\" class=\"sc-136cd478-0 ekTCfV\">\n<p>\u00bb\u00a0<strong>Jorge Sampaoli deja el cargo de entrenador del Galo<\/strong>\u00ab, escribi\u00f3 el Mineiro en sus redes sociales.<\/p>\n<p>Y continu\u00f3: \u00abTras una reuni\u00f3n en la Cidade do Galo a primera hora de la tarde de este jueves (12\/2), ambas partes llegaron a un acuerdo para<\/p>\n<p>dar por finalizado el trabajo del entrenador\u00bb.<\/p>\n<\/div>\n<p>Y agreg\u00f3: \u00bb\u00a0<strong>Para el partido contra Itabirito, este s\u00e1bado (14\/2), en Nova Lima, el equipo estar\u00e1 dirigido por el segundo entrenador <\/strong><\/p>\n<p><strong>Lucas Gon\u00e7alves<\/strong>\u00ab.<\/p>\n<p>Finalmente, el Galo agradeci\u00f3 al cuerpo t\u00e9cnico liderado por el argentino por el trabajo realizado:<\/p>\n<p>\u00bb\u00a0<strong>El Club agradece a Jorge Sampaoli y a su cuerpo t\u00e9cnico los servicios prestados y les desea \u00e9xito en sus carreras profesionales<\/strong>.\u00bb.<\/p>\n<p><strong>\u00bfCu\u00e1ndo vuelve a jugar Atl\u00e9tico Mineiro por el Brasileirao?<\/strong><\/p>\n<p>El Ecuagalo de los tricolores tendr\u00e1 su pr\u00f3ximo compromiso del torneo local el mi\u00e9rcoles 25 de febrero a las 19:30, cuando visite al Gremio<\/p>\n<p>en Porto Alegre donde con DT interino buscar\u00e1 sumar tres puntos por primera vez en la actual edici\u00f3n de Brasileirao.<\/p>\n<p><strong>Los n\u00fameros de Jorge Sampaoli en Mineiro:<\/strong><\/p>\n<div id=\"element-body-11\" class=\"sc-136cd478-0 ekTCfV\">\n<p>El entrenador argentino tuvo dos ciclos al frente de Atl\u00e9tico Mineiro. El primero de ellos fue entre marzo de 2020 y febrero de 2021 donde se<\/p>\n<p>consagr\u00f3 campe\u00f3n del Mineiro.<\/p>\n<p>En el segundo ciclo, que fue de septiembre de 2025 a febrero de 2026, lleg\u00f3 a la final de la Copa Sudamericana pasada, tras vencer a<\/p>\n<p><strong><a title=\"Independiente del Valle\" href=\"https:\/\/www.ole.com.ar\/ecuador\/independiente-del-valle\" target=\"_blank\" rel=\"noopener\">Independiente del Valle<\/a><\/strong>.<\/p>\n<\/div>\n<div id=\"element-body-12\" class=\"sc-136cd478-0 ekTCfV\">\n<p>En total, el ex\u00a0<strong><a title=\"Emelec\" href=\"https:\/\/www.ole.com.ar\/ecuador\/emelec\" target=\"_blank\" rel=\"noopener\">Emelec<\/a><\/strong>\u00a0dirigi\u00f3 79 encuentros al Galo de los cuales gan\u00f3 36 encuentros, empat\u00f3 24 y perdi\u00f3 en 19 ocasiones.<\/p>\n<p>En ese transcurso marc\u00f3 128 goles y su valla fue vencida en 92 oportunidades.<\/p>\n<p>El inicio sin victorias de este a\u00f1o calendario, lo alej\u00f3 de su cargo y gener\u00f3 que la directiva lo cesanteara de su cargo. <strong>(D)<\/strong><\/p>\n<\/div>\n<p>&nbsp;<\/p>\n<p><strong><span class=\"css-1jxf684 r-dnmrzs r-1udh08x r-1udbk01 r-3s2u2q r-bcqeeo r-1ttztb7 r-qvutc0 r-poiln3\"><span class=\"css-1jxf684 r-bcqeeo r-1ttztb7 r-qvutc0 r-poiln3\">Atl\u00e9tico<\/span><\/span><\/strong><\/p>\n<section class=\"css-175oi2r\" role=\"region\" aria-labelledby=\"accessible-list-0\">\n<div class=\"css-175oi2r\" aria-label=\"Cronolog\u00eda: Conversaci\u00f3n\">\n<div class=\"css-175oi2r\" data-testid=\"cellInnerDiv\">\n<div class=\"css-175oi2r r-j5o65s r-qklmqi r-1adg3ll r-1ny4l3l\">\n<div class=\"css-175oi2r\">\n<article class=\"css-175oi2r r-18u37iz r-1udh08x r-1c4vpko r-1c7gwzm r-1ny4l3l\" role=\"article\" aria-labelledby=\"id__coqe23wusan id__jb6binrky1 id__uz4j9wnese id__26pl2himmj6 id__blhdpvl5e3a id__io57rc6ywq id__qgd8aa6ttx id__2kglag2vfc9 id__rjxyq9n35nf id__h5efbifo3mj id__g08b5ddg4mj id__heqpubiqb2d id__gjyy24i5p9v id__jj52zxh5rfp id__seul55xft1 id__zzepzh48dr id__ndxg6q7jaab id__b0f1b1mpps id__xsqgsgozhxq id__ye4ttjxlf6\" data-testid=\"tweet\">\n<div class=\"css-175oi2r r-eqz5dr r-16y2uox r-1wbh5a2\">\n<div class=\"css-175oi2r r-16y2uox r-1wbh5a2 r-1ny4l3l\">\n<div class=\"css-175oi2r r-18u37iz r-136ojw6\">\n<div class=\"css-175oi2r r-1iusvr4 r-16y2uox r-1777fci\">\n<div class=\"css-175oi2r r-zl2h9q\">\n<div class=\"css-175oi2r r-k4xj1c r-18u37iz r-1wtj0ep\">\n<div class=\"css-175oi2r r-1d09ksm r-18u37iz r-1wbh5a2\">\n<div class=\"css-175oi2r r-1wbh5a2 r-dnmrzs r-1ny4l3l\">\n<div id=\"id__blhdpvl5e3a\" class=\"css-175oi2r r-1wbh5a2 r-dnmrzs r-1ny4l3l\" data-testid=\"User-Name\">\n<div class=\"css-175oi2r r-1awozwy r-18u37iz r-1wbh5a2 r-dnmrzs\">\n<div class=\"css-175oi2r r-1wbh5a2 r-dnmrzs\">\n<div class=\"css-175oi2r r-1awozwy r-18u37iz r-1wbh5a2 r-dnmrzs\">\n<div class=\"css-146c3p1 r-bcqeeo r-1ttztb7 r-qvutc0 r-37j5jr r-a023e6 r-rjixqe r-16dba41 r-xoduu5 r-18u37iz r-1q142lx\" dir=\"ltr\"><strong><span class=\"css-1jxf684 r-bcqeeo r-1ttztb7 r-qvutc0 r-poiln3\">@Atletico<\/span><\/strong><\/div>\n<\/div>\n<\/div>\n<\/div>\n<\/div>\n<\/div>\n<\/div>\n<div class=\"css-175oi2r r-1kkk96v\">\n<div class=\"css-175oi2r r-1awozwy r-18u37iz r-1cmwbt1 r-1wtj0ep\">\n<div class=\"css-175oi2r r-18u37iz r-1h0z5md\"><\/div>\n<div class=\"css-175oi2r r-1awozwy r-6koalj r-18u37iz\">\n<div class=\"css-175oi2r\">\n<div class=\"css-175oi2r r-18u37iz r-1h0z5md\"><\/div>\n<\/div>\n<\/div>\n<\/div>\n<\/div>\n<\/div>\n<\/div>\n<\/div>\n<\/div>\n<div class=\"css-175oi2r\">\n<div class=\"css-175oi2r\">\n<div class=\"css-175oi2r r-1s2bzr4\">\n<div id=\"id__g08b5ddg4mj\" class=\"css-146c3p1 r-bcqeeo r-1ttztb7 r-qvutc0 r-37j5jr r-1inkyih r-16dba41 r-bnwqim r-135wba7\" dir=\"auto\" lang=\"pt\" data-testid=\"tweetText\"><span class=\"css-1jxf684 r-bcqeeo r-1ttztb7 r-qvutc0 r-poiln3\">Jorge Sampaoli n\u00e3o \u00e9 mais o treinador do Galo Ap\u00f3s reuni\u00e3o na Cidade do Galo, no in\u00edcio da tarde desta quinta-feira (12\/2), as partes chegaram<\/span><\/div>\n<div class=\"css-146c3p1 r-bcqeeo r-1ttztb7 r-qvutc0 r-37j5jr r-1inkyih r-16dba41 r-bnwqim r-135wba7\" dir=\"auto\" lang=\"pt\" data-testid=\"tweetText\"><span class=\"css-1jxf684 r-bcqeeo r-1ttztb7 r-qvutc0 r-poiln3\"> a um entendimento para encerramento do trabalho do t\u00e9cnico. Para a partida diante do Itabirito, neste s\u00e1bado (14\/2)<\/span><\/div>\n<div class=\"css-146c3p1 r-bcqeeo r-1ttztb7 r-qvutc0 r-37j5jr r-1inkyih r-16dba41 r-bnwqim r-135wba7\" dir=\"auto\" lang=\"pt\" data-testid=\"tweetText\"><span class=\"css-1jxf684 r-bcqeeo r-1ttztb7 r-qvutc0 r-poiln3\">em Nova Lima, a equipe ser\u00e1 comandada pelo auxiliar t\u00e9cnico <\/span><\/div>\n<div class=\"css-146c3p1 r-bcqeeo r-1ttztb7 r-qvutc0 r-37j5jr r-1inkyih r-16dba41 r-bnwqim r-135wba7\" dir=\"auto\" lang=\"pt\" data-testid=\"tweetText\"><span class=\"css-1jxf684 r-bcqeeo r-1ttztb7 r-qvutc0 r-poiln3\">Lucas Gon\u00e7alves. O Clube agradece a Jorge Sampaoli e sua comiss\u00e3o t\u00e9cnica pelos servi\u00e7os prestados e deseja sucesso na sequ\u00eancia de<\/span><\/div>\n<div class=\"css-146c3p1 r-bcqeeo r-1ttztb7 r-qvutc0 r-37j5jr r-1inkyih r-16dba41 r-bnwqim r-135wba7\" dir=\"auto\" lang=\"pt\" data-testid=\"tweetText\"><span class=\"css-1jxf684 r-bcqeeo r-1ttztb7 r-qvutc0 r-poiln3\"> sua trajet\u00f3ria profissional.<br \/>\n<\/span><\/div>\n<\/div>\n<\/div>\n<\/div>\n<\/div>\n<\/div>\n<\/article>\n<\/div>\n<\/div>\n<\/div>\n<\/div>\n<\/section>\n<div dir=\"auto\" lang=\"pt\" data-testid=\"tweetText\"><\/div>\n<div dir=\"auto\" lang=\"pt\" data-testid=\"tweetText\"><\/div>\n<div dir=\"auto\" lang=\"pt\" data-testid=\"tweetText\">Jorge Sampaoli ya no es el entrenador del Atl\u00e9tico Mineiro.<\/div>\n<div dir=\"auto\" lang=\"pt\" data-testid=\"tweetText\">Despu\u00e9s de una reuni\u00f3n en la Cidade do Galo, en la primera tarde de este jueves (12 de febrero), las partes llegaron a un entendimiento<\/div>\n<div dir=\"auto\" lang=\"pt\" data-testid=\"tweetText\">para rescindir el contrato del t\u00e9cnico.<\/div>\n<div dir=\"auto\" lang=\"pt\" data-testid=\"tweetText\">Para el partido contra Itabirito, este s\u00e1bado (14 de febrero), en Nova Lima, el equipo ser\u00e1 dirigido por el entrenador asistente Lucas Gon\u00e7alves.<\/div>\n<div dir=\"auto\" lang=\"pt\" data-testid=\"tweetText\">El Club agradece a Jorge Sampaoli y a su cuerpo t\u00e9cnico los servicios prestados y les desea \u00e9xito en la continuaci\u00f3n de sus carreras profesionales.<\/div>\n<div dir=\"auto\" lang=\"pt\" data-testid=\"tweetText\"><\/div>\n<div dir=\"auto\" lang=\"pt\" data-testid=\"tweetText\"><\/div>\n<div dir=\"auto\" lang=\"pt\" data-testid=\"tweetText\"><\/div>\n<div dir=\"auto\" lang=\"pt\" data-testid=\"tweetText\"><img decoding=\"async\" src=\"https:\/\/pbs.twimg.com\/media\/HA-Zux5WcAAlxnY?format=jpg&amp;name=900x900\" \/><\/div>\n<div dir=\"auto\" lang=\"pt\" data-testid=\"tweetText\"><\/div>\n<div dir=\"auto\" lang=\"pt\" data-testid=\"tweetText\"><strong>Fuente:<\/strong> evafm.net &#8211; ole.com.ar<\/div>\n<div dir=\"auto\" lang=\"pt\" data-testid=\"tweetText\"><\/div>\n<p>&nbsp;<\/p>\n<div class=\"gsp_post_data\" \r\n\t            data-post_type=\"post\" \r\n\t            data-cat=\"deportes-internacionales\" \r\n\t            data-modified=\"120\"\r\n\t            data-created=\"1770922047\"\r\n\t            data-title=\"Atletico MIneiro anuncio salida de Jorge Sampaoli como DT\" \r\n\t            data-home=\"https:\/\/www.evafm.net\/sitio\"><\/div>","protected":false},"excerpt":{"rendered":"<p>El f\u00fatbol brasile\u00f1o con menos de 45 d\u00edas desde el inicio de 2026, ya se llev\u00f3 puesto al DT de tres ecuatorianos. Y si, estamos hablando, ni m\u00e1s ni menos, que del Atl\u00e9tico Mineiro, que tiene en sus filas a\u00a0\u00c1ngelo Preciado,\u00a0Alan Franco\u00a0y\u00a0Alan Minda. La expectativa por los tres tricolores juntos, no tuvo el arranque esperado&#8230;.<\/p>\n","protected":false},"author":5,"featured_media":99147,"comment_status":"closed","ping_status":"open","sticky":false,"template":"","format":"standard","meta":{"_joinchat":[],"footnotes":""},"categories":[1342],"tags":[],"class_list":["post-99146","post","type-post","status-publish","format-standard","has-post-thumbnail","hentry","category-deportes-internacionales","have-post-thumb"],"_links":{"self":[{"href":"https:\/\/www.evafm.net\/sitio\/wp-json\/wp\/v2\/posts\/99146","targetHints":{"allow":["GET"]}}],"collection":[{"href":"https:\/\/www.evafm.net\/sitio\/wp-json\/wp\/v2\/posts"}],"about":[{"href":"https:\/\/www.evafm.net\/sitio\/wp-json\/wp\/v2\/types\/post"}],"author":[{"embeddable":true,"href":"https:\/\/www.evafm.net\/sitio\/wp-json\/wp\/v2\/users\/5"}],"replies":[{"embeddable":true,"href":"https:\/\/www.evafm.net\/sitio\/wp-json\/wp\/v2\/comments?post=99146"}],"version-history":[{"count":1,"href":"https:\/\/www.evafm.net\/sitio\/wp-json\/wp\/v2\/posts\/99146\/revisions"}],"predecessor-version":[{"id":99148,"href":"https:\/\/www.evafm.net\/sitio\/wp-json\/wp\/v2\/posts\/99146\/revisions\/99148"}],"wp:featuredmedia":[{"embeddable":true,"href":"https:\/\/www.evafm.net\/sitio\/wp-json\/wp\/v2\/media\/99147"}],"wp:attachment":[{"href":"https:\/\/www.evafm.net\/sitio\/wp-json\/wp\/v2\/media?parent=99146"}],"wp:term":[{"taxonomy":"category","embeddable":true,"href":"https:\/\/www.evafm.net\/sitio\/wp-json\/wp\/v2\/categories?post=99146"},{"taxonomy":"post_tag","embeddable":true,"href":"https:\/\/www.evafm.net\/sitio\/wp-json\/wp\/v2\/tags?post=99146"}],"curies":[{"name":"wp","href":"https:\/\/api.w.org\/{rel}","templated":true}]}}