{"id":99239,"date":"2026-02-15T12:55:14","date_gmt":"2026-02-15T17:55:14","guid":{"rendered":"https:\/\/www.evafm.net\/sitio\/?p=99239"},"modified":"2026-02-15T12:55:14","modified_gmt":"2026-02-15T17:55:14","slug":"spinelli-entro-y-marco-al-instante-en-su-debut-con-vasco-da-gama","status":"publish","type":"post","link":"https:\/\/www.evafm.net\/sitio\/spinelli-entro-y-marco-al-instante-en-su-debut-con-vasco-da-gama\/","title":{"rendered":"Spinelli entr\u00f3 y marc\u00f3 al instante en su debut con Vasco da Gama"},"content":{"rendered":"<p>El delantero argentino\u00a0<a href=\"https:\/\/www.ecuavisa.com\/futbol-internacional\/vasco-da-gama-presento-a-claudio-spinelli-como-su-nuevo-goleador-20260209-0111.html\" target=\"_blank\" rel=\"noopener\"><strong>Claudio Spinelli<\/strong><\/a>\u00a0tuvo una noche especial al marcar su primer gol con la camiseta del\u00a0<strong>Vasco da Gama<\/strong>, en el duelo de cuartos de final del\u00a0<strong>Campeonato Carioca frente a Volta Redonda Futebol Clube.<\/strong><\/p>\n<p>El atacante, exjugador de<strong>\u00a0Independiente del Valle,<\/strong>\u00a0ingres\u00f3 al minuto 66 cuando su equipo ca\u00eda 0-1 en\u00a0<strong>S\u00e3o Janu\u00e1rio<\/strong>.<\/p>\n<p>Apenas un minuto despu\u00e9s, al 67\u2019, apareci\u00f3 en el \u00e1rea para igualar el marcador 1-1, devolvi\u00e9ndole vida al conjunto carioca en su segundo partido con el club.<\/p>\n<p>&nbsp;<\/p>\n<p>El empate se mantuvo hasta el final del tiempo reglamentario, por lo que la clasificaci\u00f3n se defini\u00f3 en la tanda de penales.<\/p>\n<p>Desde los doce pasos,\u00a0<strong>Vasco<\/strong>\u00a0fue m\u00e1s efectivo y se impuso 5-3, asegurando su boleto a las semifinales del torneo estadual.<\/p>\n<p><strong>Spinelli\u00a0<\/strong>celebr\u00f3 el tanto con efusividad y lo dedic\u00f3 a la torcida\u00a0<strong>vasca\u00edna<\/strong>, calific\u00e1ndolo como su \u201cpresentaci\u00f3n\u201d oficial ante los hinchas.<\/p>\n<p>Su gol result\u00f3 determinante para forzar la definici\u00f3n desde el punto penal y mantener vivo al equipo en la lucha por el t\u00edtulo del Campeonato Carioca.<strong> (D)<\/strong><\/p>\n<p>&nbsp;<\/p>\n<blockquote class=\"twitter-tweet\" data-width=\"550\" data-dnt=\"true\">\n<p lang=\"pt\" dir=\"ltr\">Gol do Vasco! Com pouco mais de um minuto em campo, Claudio Spinelli deixa tudo igual em S\u00e3o Janu\u00e1rio contra o Volta Redonda.<a href=\"https:\/\/twitter.com\/hashtag\/futebol?src=hash&amp;ref_src=twsrc%5Etfw\">#futebol<\/a> <a href=\"https:\/\/twitter.com\/hashtag\/vasco?src=hash&amp;ref_src=twsrc%5Etfw\">#vasco<\/a> <a href=\"https:\/\/twitter.com\/hashtag\/voltaredonda?src=hash&amp;ref_src=twsrc%5Etfw\">#voltaredonda<\/a> <a href=\"https:\/\/twitter.com\/hashtag\/carioca?src=hash&amp;ref_src=twsrc%5Etfw\">#carioca<\/a> <a href=\"https:\/\/twitter.com\/hashtag\/ge?src=hash&amp;ref_src=twsrc%5Etfw\">#ge<\/a> <a href=\"https:\/\/t.co\/ZnCSlkT5rw\">pic.twitter.com\/ZnCSlkT5rw<\/a><\/p>\n<p>&mdash; ge (@geglobo) <a href=\"https:\/\/twitter.com\/geglobo\/status\/2022855593669628391?ref_src=twsrc%5Etfw\">February 15, 2026<\/a><\/p><\/blockquote>\n<p><script async src=\"https:\/\/platform.twitter.com\/widgets.js\" charset=\"utf-8\"><\/script><\/p>\n<p>&nbsp;<\/p>\n<p><strong>Fuente:<\/strong> evafm.net &#8211; ecuavisa.com<\/p>\n<div class=\"gsp_post_data\" \r\n\t            data-post_type=\"post\" \r\n\t            data-cat=\"deportes-internacionales\" \r\n\t            data-modified=\"120\"\r\n\t            data-created=\"1771160114\"\r\n\t            data-title=\"Spinelli entr\u00f3 y marc\u00f3 al instante en su debut con Vasco da Gama\" \r\n\t            data-home=\"https:\/\/www.evafm.net\/sitio\"><\/div>","protected":false},"excerpt":{"rendered":"<p>El delantero argentino\u00a0Claudio Spinelli\u00a0tuvo una noche especial al marcar su primer gol con la camiseta del\u00a0Vasco da Gama, en el duelo de cuartos de final del\u00a0Campeonato Carioca frente a Volta Redonda Futebol Clube. El atacante, exjugador de\u00a0Independiente del Valle,\u00a0ingres\u00f3 al minuto 66 cuando su equipo ca\u00eda 0-1 en\u00a0S\u00e3o Janu\u00e1rio. Apenas un minuto despu\u00e9s, al 67\u2019,&#8230;<\/p>\n","protected":false},"author":5,"featured_media":99240,"comment_status":"closed","ping_status":"open","sticky":false,"template":"","format":"standard","meta":{"_joinchat":[],"footnotes":""},"categories":[1342],"tags":[],"class_list":["post-99239","post","type-post","status-publish","format-standard","has-post-thumbnail","hentry","category-deportes-internacionales","have-post-thumb"],"_links":{"self":[{"href":"https:\/\/www.evafm.net\/sitio\/wp-json\/wp\/v2\/posts\/99239","targetHints":{"allow":["GET"]}}],"collection":[{"href":"https:\/\/www.evafm.net\/sitio\/wp-json\/wp\/v2\/posts"}],"about":[{"href":"https:\/\/www.evafm.net\/sitio\/wp-json\/wp\/v2\/types\/post"}],"author":[{"embeddable":true,"href":"https:\/\/www.evafm.net\/sitio\/wp-json\/wp\/v2\/users\/5"}],"replies":[{"embeddable":true,"href":"https:\/\/www.evafm.net\/sitio\/wp-json\/wp\/v2\/comments?post=99239"}],"version-history":[{"count":1,"href":"https:\/\/www.evafm.net\/sitio\/wp-json\/wp\/v2\/posts\/99239\/revisions"}],"predecessor-version":[{"id":99241,"href":"https:\/\/www.evafm.net\/sitio\/wp-json\/wp\/v2\/posts\/99239\/revisions\/99241"}],"wp:featuredmedia":[{"embeddable":true,"href":"https:\/\/www.evafm.net\/sitio\/wp-json\/wp\/v2\/media\/99240"}],"wp:attachment":[{"href":"https:\/\/www.evafm.net\/sitio\/wp-json\/wp\/v2\/media?parent=99239"}],"wp:term":[{"taxonomy":"category","embeddable":true,"href":"https:\/\/www.evafm.net\/sitio\/wp-json\/wp\/v2\/categories?post=99239"},{"taxonomy":"post_tag","embeddable":true,"href":"https:\/\/www.evafm.net\/sitio\/wp-json\/wp\/v2\/tags?post=99239"}],"curies":[{"name":"wp","href":"https:\/\/api.w.org\/{rel}","templated":true}]}}