{"id":99249,"date":"2026-02-16T13:40:04","date_gmt":"2026-02-16T18:40:04","guid":{"rendered":"https:\/\/www.evafm.net\/sitio\/?p=99249"},"modified":"2026-02-16T13:40:04","modified_gmt":"2026-02-16T18:40:04","slug":"permisos-en-edificio-multicomercio-estan-inactivos-o-con-licencias-no-renovadas","status":"publish","type":"post","link":"https:\/\/www.evafm.net\/sitio\/permisos-en-edificio-multicomercio-estan-inactivos-o-con-licencias-no-renovadas\/","title":{"rendered":"Permisos en edificio Multicomercio est\u00e1n inactivos o con licencias no renovadas"},"content":{"rendered":"<p>El 100 % de los registros de permisos asociados al<strong>\u00a0Centro Comercial Multicomercio<\/strong>\u00a0consta como inactivo o con licencias no renovadas por el<strong>\u00a0<a href=\"https:\/\/www.ecuavisa.com\/tema\/municipio-de-guayaquil-t96039\" target=\"_blank\" rel=\"noopener\">Municipio de Guayaquil<\/a>.<\/strong><\/p>\n<p>As\u00ed lo asegur\u00f3 la<strong>\u00a0Secretar\u00eda Nacional de Gesti\u00f3n de Riesgos\u00a0<\/strong>tras recibir esa informaci\u00f3n de la Alcald\u00eda.<\/p>\n<p>La entidad de Gobierno critic\u00f3 que el Municipio\u00a0<strong>no remiti\u00f3 toda la documentaci\u00f3n solicitada<\/strong>, \u201ctales como actas sin firmas de responsabilidad y secciones incompletas<\/p>\n<p>de los ocho \u00edtems solicitados, cuatro no fueron entregados y los cuatro restantes contienen informaci\u00f3n parcial o pendiente de subsanaci\u00f3n\u201d.<\/p>\n<p>\u201cLa Secretar\u00eda recuerda que limitar la informaci\u00f3n requerida por esta Cartera de Estado no constituye un desaire al Gobierno Nacional, sino que afecta los procesos de<\/p>\n<p>prevenci\u00f3n y gesti\u00f3n de riesgos en la ciudad y tiene implicaciones directas para la seguridad de los guayaquile\u00f1os\u201d, subray\u00f3 Riesgos.<\/p>\n<p>&nbsp;<\/p>\n<p>El\u00a0<strong>Centro Comercial Multicomercio<\/strong>, en el centro de Guayaquil, fue consumido por un voraz incendio, dejando p\u00e9rdidas econ\u00f3micas millonarias y a numerosas familias<\/p>\n<p>sin vivienda.<\/p>\n<p>Tras este evento, el Ministerio del Interior y la Polic\u00eda Nacional tomaron el control de Segura EP para administrar la informaci\u00f3n y los sistemas de monitoreo de la ciudad.<\/p>\n<p>Para el ministro John Reimberg, los incendios en Guayaquil no ser\u00edan casualidad y critic\u00f3 la gesti\u00f3n de las emergencias. Las autoridades sospechan que las im\u00e1genes<\/p>\n<p>e informaci\u00f3n que registran las c\u00e1maras pueden estar filtr\u00e1ndose a terceros.<\/p>\n<p>Agreg\u00f3 que la situaci\u00f3n de inseguridad que enfrenta Guayaquil \u201cno se puede resolver con reuniones, sino con mando, coordinaci\u00f3n e inteligencia operativa\u201d. <strong>(I)<\/strong><\/p>\n<p><strong>Fuente:<\/strong> evafm.net &#8211; ecuavisa.com<\/p>\n<p>&nbsp;<\/p>\n<div class=\"gsp_post_data\" \r\n\t            data-post_type=\"post\" \r\n\t            data-cat=\"general,noticias-ecuador\" \r\n\t            data-modified=\"120\"\r\n\t            data-created=\"1771249204\"\r\n\t            data-title=\"Permisos en edificio Multicomercio est\u00e1n inactivos o con licencias no renovadas\" \r\n\t            data-home=\"https:\/\/www.evafm.net\/sitio\"><\/div>","protected":false},"excerpt":{"rendered":"<p>El 100 % de los registros de permisos asociados al\u00a0Centro Comercial Multicomercio\u00a0consta como inactivo o con licencias no renovadas por el\u00a0Municipio de Guayaquil. As\u00ed lo asegur\u00f3 la\u00a0Secretar\u00eda Nacional de Gesti\u00f3n de Riesgos\u00a0tras recibir esa informaci\u00f3n de la Alcald\u00eda. La entidad de Gobierno critic\u00f3 que el Municipio\u00a0no remiti\u00f3 toda la documentaci\u00f3n solicitada, \u201ctales como actas sin&#8230;<\/p>\n","protected":false},"author":5,"featured_media":99250,"comment_status":"closed","ping_status":"open","sticky":false,"template":"","format":"standard","meta":{"_joinchat":[],"footnotes":""},"categories":[1720,1558],"tags":[],"class_list":["post-99249","post","type-post","status-publish","format-standard","has-post-thumbnail","hentry","category-general","category-noticias-ecuador","have-post-thumb"],"_links":{"self":[{"href":"https:\/\/www.evafm.net\/sitio\/wp-json\/wp\/v2\/posts\/99249","targetHints":{"allow":["GET"]}}],"collection":[{"href":"https:\/\/www.evafm.net\/sitio\/wp-json\/wp\/v2\/posts"}],"about":[{"href":"https:\/\/www.evafm.net\/sitio\/wp-json\/wp\/v2\/types\/post"}],"author":[{"embeddable":true,"href":"https:\/\/www.evafm.net\/sitio\/wp-json\/wp\/v2\/users\/5"}],"replies":[{"embeddable":true,"href":"https:\/\/www.evafm.net\/sitio\/wp-json\/wp\/v2\/comments?post=99249"}],"version-history":[{"count":1,"href":"https:\/\/www.evafm.net\/sitio\/wp-json\/wp\/v2\/posts\/99249\/revisions"}],"predecessor-version":[{"id":99251,"href":"https:\/\/www.evafm.net\/sitio\/wp-json\/wp\/v2\/posts\/99249\/revisions\/99251"}],"wp:featuredmedia":[{"embeddable":true,"href":"https:\/\/www.evafm.net\/sitio\/wp-json\/wp\/v2\/media\/99250"}],"wp:attachment":[{"href":"https:\/\/www.evafm.net\/sitio\/wp-json\/wp\/v2\/media?parent=99249"}],"wp:term":[{"taxonomy":"category","embeddable":true,"href":"https:\/\/www.evafm.net\/sitio\/wp-json\/wp\/v2\/categories?post=99249"},{"taxonomy":"post_tag","embeddable":true,"href":"https:\/\/www.evafm.net\/sitio\/wp-json\/wp\/v2\/tags?post=99249"}],"curies":[{"name":"wp","href":"https:\/\/api.w.org\/{rel}","templated":true}]}}