{"id":99293,"date":"2026-02-17T17:56:58","date_gmt":"2026-02-17T22:56:58","guid":{"rendered":"https:\/\/www.evafm.net\/sitio\/?p=99293"},"modified":"2026-02-17T17:56:58","modified_gmt":"2026-02-17T22:56:58","slug":"nuevos-detalles-del-complot-terrorista-que-obligo-a-cancelar-los-conciertos-de-taylor-swift-en-viena","status":"publish","type":"post","link":"https:\/\/www.evafm.net\/sitio\/nuevos-detalles-del-complot-terrorista-que-obligo-a-cancelar-los-conciertos-de-taylor-swift-en-viena\/","title":{"rendered":"Nuevos detalles del complot terrorista que oblig\u00f3 a cancelar los conciertos de Taylor Swift en Viena"},"content":{"rendered":"<p>La investigaci\u00f3n sobre el atentado terrorista que fue evitado en los conciertos de\u00a0<a title=\"https:\/\/www.infobae.com\/entretenimiento\/2024\/08\/07\/detuvieron-a-terroristas-de-isis-que-planeaban-atacar-show-de-taylor-swift-en-austria\/\" href=\"https:\/\/www.infobae.com\/entretenimiento\/2024\/08\/07\/detuvieron-a-terroristas-de-isis-que-planeaban-atacar-show-de-taylor-swift-en-austria\/\" target=\"_blank\" rel=\"noopener noreferrer\" data-mrf-link=\"https:\/\/www.infobae.com\/entretenimiento\/2024\/08\/07\/detuvieron-a-terroristas-de-isis-que-planeaban-atacar-show-de-taylor-swift-en-austria\/\"><b>Taylor Swift<\/b><\/a>\u00a0en Viena sum\u00f3 esta semana un avance clave.<\/p>\n<p>Las autoridades austr\u00edacas presentaron\u00a0<b>cargos formales por terrorismo<\/b>\u00a0contra uno de los principales sospechosos, m\u00e1s de un a\u00f1o despu\u00e9s<\/p>\n<p>de que tres fechas de\u00a0<b>The Eras Tour<\/b>\u00a0fueran canceladas por una \u201camenaza cre\u00edble\u201d de peligro.<\/p>\n<p>&nbsp;<\/p>\n<p class=\"paragraph\" data-mrf-recirculation=\"Links inline\">Seg\u00fan inform\u00f3 la agencia Associated Press, fiscales de Austria imputaron a un hombre de 21 a\u00f1os, identificado por la prensa local como Beran A<\/p>\n<p class=\"paragraph\" data-mrf-recirculation=\"Links inline\">por delitos relacionados con terrorismo, entre ellos<b>\u00a0pertenencia a una organizaci\u00f3n terrorista<\/b>, fabricaci\u00f3n de explosivos y tentativa de compra<\/p>\n<p class=\"paragraph\" data-mrf-recirculation=\"Links inline\">ilegal de armas.<\/p>\n<p class=\"paragraph\" data-mrf-recirculation=\"Links inline\">El acusado permanece bajo custodia y, de ser hallado culpable, enfrenta\u00a0<b>hasta 20 a\u00f1os de prisi\u00f3n.<\/b><\/p>\n<div class=\"inline ad-wrapper\">\n<div class=\"dfpAd ad-inline\"><\/div>\n<\/div>\n<p class=\"paragraph\" data-mrf-recirculation=\"Links inline\">De acuerdo con los fiscales, el imputado hab\u00eda declarado<b>\u00a0lealtad al Estado Isl\u00e1mico (IS)<\/b>\u00a0y compart\u00eda material de propaganda en servicios de mensajer\u00eda.<\/p>\n<p class=\"paragraph\" data-mrf-recirculation=\"Links inline\">La acusaci\u00f3n sostiene que \u201cobtuvo instrucciones en internet para la construcci\u00f3n de una bomba de metralla basada en el explosivo triacetona triper\u00f3xido<\/p>\n<p class=\"paragraph\" data-mrf-recirculation=\"Links inline\">(TATP)\u201d, un compuesto com\u00fan en atentados atribuidos a ese grupo, y que produjo una peque\u00f1a cantidad del explosivo.<\/p>\n<p class=\"paragraph\" data-mrf-recirculation=\"Links inline\">Adem\u00e1s, intent\u00f3 en varias ocasiones adquirir armas de forma ilegal fuera del pa\u00eds e introducirlas en Austria.<\/p>\n<p data-mrf-recirculation=\"Links inline\">\n<p data-mrf-recirculation=\"Links inline\">El proceso judicial se tramitar\u00e1 en Wiener Neustadt, una localidad cercana a Viena. Los investigadores tambi\u00e9n se\u00f1alan que el acusado habr\u00eda participado<\/p>\n<p data-mrf-recirculation=\"Links inline\">en la planificaci\u00f3n de otros ataques en el extranjero, incluidos Dub\u00e1i e Estambul, que finalmente no se concretaron.<\/p>\n<p data-mrf-recirculation=\"Links inline\"><strong>\u00bfC\u00f3mo se descubri\u00f3 el plan?<\/strong><\/p>\n<p data-mrf-recirculation=\"Links inline\">El complot sali\u00f3 a la luz en\u00a0<b>agosto de 2024<\/b>, d\u00edas antes de que Swift se presentara en Ernst Happel Stadium.<\/p>\n<p data-mrf-recirculation=\"Links inline\">Con fundamento en advertencias cre\u00edbles del servicio de inteligencia gubernamental, el promotor\u00a0<b>Barracuda Music<\/b>\u00a0anunci\u00f3 la cancelaci\u00f3n de tres conciertos<\/p>\n<p data-mrf-recirculation=\"Links inline\">programados entre el<b>\u00a08 y el 10 de agosto<\/b>\u00a0\u201cpor la seguridad de todos\u201d.<\/p>\n<p data-mrf-recirculation=\"Links inline\">\n<p class=\"paragraph\" data-mrf-recirculation=\"Links inline\">Ese mismo d\u00eda, la polic\u00eda austr\u00edaca arrest\u00f3 a dos sospechosos. Las autoridades detallaron que uno de ellos, de 19 a\u00f1os, ten\u00eda presuntos v\u00ednculos con\u00a0<b>ISIS\u00a0<\/b>y hab\u00eda<\/p>\n<p class=\"paragraph\" data-mrf-recirculation=\"Links inline\">planes espec\u00edficos para ejecutar un ataque durante los conciertos. Tras un allanamiento, se determin\u00f3 que planeaba usar cuchillos o explosivos caseros.<\/p>\n<p class=\"paragraph\" data-mrf-recirculation=\"Links inline\">El entonces jefe de la Direcci\u00f3n de Seguridad del Estado e Inteligencia,\u00a0<b>Omar Haijawi-Pirchner<\/b>, describi\u00f3 la gravedad del plan:<\/p>\n<p class=\"paragraph\" data-mrf-recirculation=\"Links inline\">\u201cQuer\u00eda llevar a cabo un ataque en el \u00e1rea exterior del estadio, matando a la mayor cantidad de personas posible usando cuchillos o incluso los dispositivos explosivos<\/p>\n<p class=\"paragraph\" data-mrf-recirculation=\"Links inline\">que hab\u00eda fabricado\u201d.<\/p>\n<p data-mrf-recirculation=\"Links inline\">\n<p class=\"paragraph\" data-mrf-recirculation=\"Links inline\">Con el correr de los d\u00edas, hubo m\u00e1s detenciones. Un segundo sospechoso, de 17 a\u00f1os, trabajaba para una empresa que prestaba servicios en el recinto; no ten\u00eda entradas<\/p>\n<p class=\"paragraph\" data-mrf-recirculation=\"Links inline\">y fue arrestado cerca del estadio. Un tercer implicado, de 18 a\u00f1os, tambi\u00e9n fue detenido por v\u00ednculos con el principal acusado.<\/p>\n<p class=\"paragraph\" data-mrf-recirculation=\"Links inline\">En total, al menos tres personas fueron arrestadas. En 2025, un menor sirio fue condenado por contribuir al complot.<\/p>\n<p class=\"paragraph\" data-mrf-recirculation=\"Links inline\">Seg\u00fan Us Weekly, la cancelaci\u00f3n de los conciertos se apoy\u00f3 en informaci\u00f3n de inteligencia compartida por Estados Unidos a sus pares en Austria.<\/p>\n<p class=\"paragraph\" data-mrf-recirculation=\"Links inline\">El subdirector de la CIA, David S. Cohen, reiter\u00f3 en su momento que e la cooperaci\u00f3n entre agencias permiti\u00f3 las detenciones.<\/p>\n<p data-mrf-recirculation=\"Links inline\">\n<p data-mrf-recirculation=\"Links inline\"><strong>La reacci\u00f3n de Taylor Swift.<\/strong><\/p>\n<p class=\"paragraph\" data-mrf-recirculation=\"Links inline\">Tras las cancelaciones, Swift expres\u00f3 p\u00fablicamente su conmoci\u00f3n y gratitud hacia las autoridades.<\/p>\n<p class=\"paragraph\" data-mrf-recirculation=\"Links inline\">En un mensaje en sus redes sociales, la cantautora escribi\u00f3<\/p>\n<p class=\"paragraph\" data-mrf-recirculation=\"Links inline\">:\u00a0<b>\u201cLa raz\u00f3n de las cancelaciones me llen\u00f3 de un nuevo sentido de miedo y de una enorme culpa, porque tantos hab\u00edan planeado venir a esos shows. <\/b><\/p>\n<p class=\"paragraph\" data-mrf-recirculation=\"Links inline\"><b>Sin embargo, estuve muy agradecida con las autoridades porque, gracias a ellas, lloramos que perdimos conciertos, en lugar de perder vidas\u201d.<\/b><\/p>\n<p class=\"paragraph\" data-mrf-recirculation=\"Links inline\">La artista tambi\u00e9n respondi\u00f3 a cr\u00edticas por haber esperado para pronunciarse:<\/p>\n<p class=\"paragraph\" data-mrf-recirculation=\"Links inline\">\u201cNo voy a hablar p\u00fablicamente de algo si creo que hacerlo podr\u00eda provocar a quienes quieren da\u00f1ar a los fans que vienen a mis shows.<\/p>\n<p class=\"paragraph\" data-mrf-recirculation=\"Links inline\">En casos como este, el \u2018silencio\u2019 es mostrar contenci\u00f3n\u201d, explic\u00f3 en ese entonces.<strong> (E)<\/strong><\/p>\n<p data-mrf-recirculation=\"Links inline\">\n<p data-mrf-recirculation=\"Links inline\"><img fetchpriority=\"high\" decoding=\"async\" class=\"global-image\" src=\"https:\/\/www.infobae.com\/resizer\/v2\/VJVAF4JM3FEL5OHS57TNM6QNBY.jpg?auth=219e9d371dd9f8c8ba3655de0a94cc3d812b18e34af6ade7b751f72bf7cadac7&amp;smart=true&amp;width=350&amp;height=234&amp;quality=85\" alt=\"Los fiscales acusaron al sospechoso\" width=\"781\" height=\"522\" \/><\/p>\n<p data-mrf-recirculation=\"Links inline\">Los fiscales acusaron al sospechoso de pertenencia a una organizaci\u00f3n terrorista, fabricaci\u00f3n de explosivos<\/p>\n<p data-mrf-recirculation=\"Links inline\">y tentativa de compra ilegal de armas<strong> (AP Foto\/Heinz-Peter Bader, Archivo)<\/strong><\/p>\n<p data-mrf-recirculation=\"Links inline\"><strong>Fuente:<\/strong> evafm.net &#8211; infobae.com<\/p>\n<div class=\"gsp_post_data\" \r\n\t            data-post_type=\"post\" \r\n\t            data-cat=\"general,musica-internacional\" \r\n\t            data-modified=\"120\"\r\n\t            data-created=\"1771351018\"\r\n\t            data-title=\"Nuevos detalles del complot terrorista que oblig\u00f3 a cancelar los conciertos de Taylor Swift en Viena\" \r\n\t            data-home=\"https:\/\/www.evafm.net\/sitio\"><\/div>","protected":false},"excerpt":{"rendered":"<p>La investigaci\u00f3n sobre el atentado terrorista que fue evitado en los conciertos de\u00a0Taylor Swift\u00a0en Viena sum\u00f3 esta semana un avance clave. Las autoridades austr\u00edacas presentaron\u00a0cargos formales por terrorismo\u00a0contra uno de los principales sospechosos, m\u00e1s de un a\u00f1o despu\u00e9s de que tres fechas de\u00a0The Eras Tour\u00a0fueran canceladas por una \u201camenaza cre\u00edble\u201d de peligro. &nbsp; Seg\u00fan inform\u00f3&#8230;<\/p>\n","protected":false},"author":5,"featured_media":99294,"comment_status":"closed","ping_status":"open","sticky":false,"template":"","format":"standard","meta":{"_joinchat":[],"footnotes":""},"categories":[1720,2],"tags":[],"class_list":["post-99293","post","type-post","status-publish","format-standard","has-post-thumbnail","hentry","category-general","category-musica-internacional","have-post-thumb"],"_links":{"self":[{"href":"https:\/\/www.evafm.net\/sitio\/wp-json\/wp\/v2\/posts\/99293","targetHints":{"allow":["GET"]}}],"collection":[{"href":"https:\/\/www.evafm.net\/sitio\/wp-json\/wp\/v2\/posts"}],"about":[{"href":"https:\/\/www.evafm.net\/sitio\/wp-json\/wp\/v2\/types\/post"}],"author":[{"embeddable":true,"href":"https:\/\/www.evafm.net\/sitio\/wp-json\/wp\/v2\/users\/5"}],"replies":[{"embeddable":true,"href":"https:\/\/www.evafm.net\/sitio\/wp-json\/wp\/v2\/comments?post=99293"}],"version-history":[{"count":1,"href":"https:\/\/www.evafm.net\/sitio\/wp-json\/wp\/v2\/posts\/99293\/revisions"}],"predecessor-version":[{"id":99295,"href":"https:\/\/www.evafm.net\/sitio\/wp-json\/wp\/v2\/posts\/99293\/revisions\/99295"}],"wp:featuredmedia":[{"embeddable":true,"href":"https:\/\/www.evafm.net\/sitio\/wp-json\/wp\/v2\/media\/99294"}],"wp:attachment":[{"href":"https:\/\/www.evafm.net\/sitio\/wp-json\/wp\/v2\/media?parent=99293"}],"wp:term":[{"taxonomy":"category","embeddable":true,"href":"https:\/\/www.evafm.net\/sitio\/wp-json\/wp\/v2\/categories?post=99293"},{"taxonomy":"post_tag","embeddable":true,"href":"https:\/\/www.evafm.net\/sitio\/wp-json\/wp\/v2\/tags?post=99293"}],"curies":[{"name":"wp","href":"https:\/\/api.w.org\/{rel}","templated":true}]}}