{"id":99321,"date":"2026-02-19T09:40:40","date_gmt":"2026-02-19T14:40:40","guid":{"rendered":"https:\/\/www.evafm.net\/sitio\/?p=99321"},"modified":"2026-02-19T09:40:40","modified_gmt":"2026-02-19T14:40:40","slug":"ecuador-mantiene-dialogo-con-ee-uu-y-descarta-salida-de-la-can-ante-disputa-arancelaria-con-colombia","status":"publish","type":"post","link":"https:\/\/www.evafm.net\/sitio\/ecuador-mantiene-dialogo-con-ee-uu-y-descarta-salida-de-la-can-ante-disputa-arancelaria-con-colombia\/","title":{"rendered":"Ecuador mantiene di\u00e1logo con EE. UU. y descarta salida de la CAN ante disputa arancelaria con Colombia"},"content":{"rendered":"<p>El ministro de la Producci\u00f3n, Comercio Exterior e Inversiones,\u00a0<a href=\"https:\/\/www.ecuavisa.com\/tema\/luis-alberto-jaramillo-t116576\" target=\"_blank\" rel=\"noopener\"><strong>Luis Alberto Jaramillo<\/strong><\/a>, dialog\u00f3 este mi\u00e9rcoles 18 de febrero de 2026, en\u00a0<strong>Contacto Directo de Ecuavisa<\/strong>, sobre el acuerdo comercial con Estados Unidos y la relaci\u00f3n Ecuador &#8211; Colombia tras la crisis de aranceles entre ambos pa\u00edses.<\/p>\n<p>Al principio, el funcionario destac\u00f3 que en el\u00a0<strong>\u00faltimo feriado de Carnaval<\/strong>\u00a0hubo un crecimiento importante de la\u00a0<strong>ocupaci\u00f3n hotelera<\/strong>\u00a0del 50 %, a escala nacional. Hubo 1,29 millones de viajes con un alza del 6 % comparando con el a\u00f1o pasado.<\/p>\n<p>El gasto tur\u00edstico fue de\u00a0<strong>USD 82 millones,<\/strong>\u00a0que representa un crecimiento del 12 % en comparaci\u00f3n al 2025.<\/p>\n<p><strong>Acuerdo con EE. UU.<\/strong><\/p>\n<p>Destac\u00f3 que es un\u00a0<strong>acuerdo de libre comercio<\/strong>\u00a0que incorpora una serie de cap\u00edtulos y temas. Lo que est\u00e1 en juego, en el \u00e1mbito arancelario, es la sobretasa, no los aranceles previos.<\/p>\n<p><strong>\u201cEl 50 % de las exportaciones ecuatorianas quedan con sobretasa del 0%\u201d.<\/strong><\/p>\n<p>\u201cEl sector de las flores ser\u00e1 beneficiado con este acuerdo. Hay estimaciones de que se llegue a USD 2 000 millones en 2035 y puede ser que suceda antes inclusive.<\/p>\n<p>Eso nos pone en ventaja con<strong>\u00a0Colombia<\/strong>\u201d, expres\u00f3.<\/p>\n<p>\u00bfQu\u00e9 pasar\u00e1 con el\u00a0<strong>camar\u00f3n<\/strong>? Jaramillo expuso que el acuerdo tiene una\u00a0<strong>cl\u00e1usula\u00a0<\/strong>que permite incorporar m\u00e1s productos de exportaci\u00f3n a futuro.<\/p>\n<p>\u201cTenemos la posibilidad de reducir la sobretasa del<strong> 15 % al 10 %<\/strong>, eliminando el d\u00e9ficit que tiene EE. UU con nosotros\u201d.<\/p>\n<p>Otros pa\u00edses tienen d\u00e9ficit con Estados Unidos, lo cual es una muestra de que Ecuador es una potencia exportadora.<\/p>\n<p>Record\u00f3 que es la primera vez, en la\u00a0<strong>historia del Ecuador<\/strong>, que hay un acuerdo bilateral con acceso a mercados tomando en cuenta a productos y calidad.<\/p>\n<p>\u201cSe trata de un primer gran paso. Conseguimos en un 50 % de nuestros productos y, ojo, con Europa tambi\u00e9n fue un 50 % y China 41 %, tomando el contexto de los acuerdos y hay la v\u00eda para seguir conversando o discutiendo\u201d.<\/p>\n<p>Ecuador ha dado concesiones en productos que no son considerados sensibles, como maquinaria industrial, agr\u00edcola, de construcci\u00f3n. Igual en\u00a0<strong>equipos el\u00e9ctricos<\/strong>, transmisi\u00f3n, distribuci\u00f3n y almacenamiento de energ\u00eda, que ingresar\u00e1n al pa\u00eds con facilidades.<\/p>\n<p>En lo que respecta a veh\u00edculos, \u201clos de m\u00e1s de 2 000 cent\u00edmetros c\u00fabicos tendr\u00e1n 0% de aranceles para importaci\u00f3n.<\/p>\n<p>Eso ser\u00eda inmediato con la firma del acuerdo\u201d.<\/p>\n<p>Destac\u00f3 que el acuerdo ser\u00e1 p\u00fablico tras la\u00a0<strong>firma<\/strong>. La prioridad ser\u00e1 proteger la\u00a0<strong>industria nacional<\/strong>.<\/p>\n<p><strong>La relaci\u00f3n con Colombia:<\/strong><\/p>\n<p>Para Jaramillo, lo que pasa con el vecino pa\u00eds es un tema de\u00a0<strong>seguridad<\/strong>. Lo que se requiere es un compromiso firme de que Colombia controle las fronteras y \u00abhasta este momento no lo hemos tenido\u00bb.<\/p>\n<p>Ecuador no tiene previsto abandonar la\u00a0<strong>Comunidad Andina Nacional (CAN)<\/strong>\u00a0si es que la disputa con Colombia se agrava, porque es un tema de seguridad, no comercial.<\/p>\n<p>\u201cSi hay una comunicaci\u00f3n con Colombia, no puedo dar detalles.<\/p>\n<p>Esperamos tener una<strong>\u00a0respuesta satisfactoria<\/strong>, lo que se requiere es seguridad,<strong>\u00a0control de fronteras<\/strong>\u201d, expres\u00f3..el di\u00e1logo no est\u00e1 roto con esa naci\u00f3n. <strong>(I)<\/strong><\/p>\n<p><strong>Fuente;:<\/strong> evafm.net &#8211; ecuavisa.com<\/p>\n<p>&nbsp;<\/p>\n<p>&nbsp;<\/p>\n<div class=\"gsp_post_data\" \r\n\t            data-post_type=\"post\" \r\n\t            data-cat=\"general,noticias-ecuador\" \r\n\t            data-modified=\"120\"\r\n\t            data-created=\"1771494040\"\r\n\t            data-title=\"Ecuador mantiene di\u00e1logo con EE. UU. y descarta salida de la CAN ante disputa arancelaria con Colombia\" \r\n\t            data-home=\"https:\/\/www.evafm.net\/sitio\"><\/div>","protected":false},"excerpt":{"rendered":"<p>El ministro de la Producci\u00f3n, Comercio Exterior e Inversiones,\u00a0Luis Alberto Jaramillo, dialog\u00f3 este mi\u00e9rcoles 18 de febrero de 2026, en\u00a0Contacto Directo de Ecuavisa, sobre el acuerdo comercial con Estados Unidos y la relaci\u00f3n Ecuador &#8211; Colombia tras la crisis de aranceles entre ambos pa\u00edses. Al principio, el funcionario destac\u00f3 que en el\u00a0\u00faltimo feriado de Carnaval\u00a0hubo&#8230;<\/p>\n","protected":false},"author":5,"featured_media":99322,"comment_status":"closed","ping_status":"open","sticky":false,"template":"","format":"standard","meta":{"_joinchat":[],"footnotes":""},"categories":[1720,1558],"tags":[],"class_list":["post-99321","post","type-post","status-publish","format-standard","has-post-thumbnail","hentry","category-general","category-noticias-ecuador","have-post-thumb"],"_links":{"self":[{"href":"https:\/\/www.evafm.net\/sitio\/wp-json\/wp\/v2\/posts\/99321","targetHints":{"allow":["GET"]}}],"collection":[{"href":"https:\/\/www.evafm.net\/sitio\/wp-json\/wp\/v2\/posts"}],"about":[{"href":"https:\/\/www.evafm.net\/sitio\/wp-json\/wp\/v2\/types\/post"}],"author":[{"embeddable":true,"href":"https:\/\/www.evafm.net\/sitio\/wp-json\/wp\/v2\/users\/5"}],"replies":[{"embeddable":true,"href":"https:\/\/www.evafm.net\/sitio\/wp-json\/wp\/v2\/comments?post=99321"}],"version-history":[{"count":1,"href":"https:\/\/www.evafm.net\/sitio\/wp-json\/wp\/v2\/posts\/99321\/revisions"}],"predecessor-version":[{"id":99323,"href":"https:\/\/www.evafm.net\/sitio\/wp-json\/wp\/v2\/posts\/99321\/revisions\/99323"}],"wp:featuredmedia":[{"embeddable":true,"href":"https:\/\/www.evafm.net\/sitio\/wp-json\/wp\/v2\/media\/99322"}],"wp:attachment":[{"href":"https:\/\/www.evafm.net\/sitio\/wp-json\/wp\/v2\/media?parent=99321"}],"wp:term":[{"taxonomy":"category","embeddable":true,"href":"https:\/\/www.evafm.net\/sitio\/wp-json\/wp\/v2\/categories?post=99321"},{"taxonomy":"post_tag","embeddable":true,"href":"https:\/\/www.evafm.net\/sitio\/wp-json\/wp\/v2\/tags?post=99321"}],"curies":[{"name":"wp","href":"https:\/\/api.w.org\/{rel}","templated":true}]}}