{"id":99354,"date":"2026-02-20T12:56:39","date_gmt":"2026-02-20T17:56:39","guid":{"rendered":"https:\/\/www.evafm.net\/sitio\/?p=99354"},"modified":"2026-02-20T12:57:22","modified_gmt":"2026-02-20T17:57:22","slug":"jose-david-jimenez-aclara-que-emelec-no-pidio-diferir-el-partido-ante-la-universidad-catolica","status":"publish","type":"post","link":"https:\/\/www.evafm.net\/sitio\/jose-david-jimenez-aclara-que-emelec-no-pidio-diferir-el-partido-ante-la-universidad-catolica\/","title":{"rendered":"Jos\u00e9 David Jim\u00e9nez aclara que Emelec no pidi\u00f3 diferir el partido ante la Universidad Cat\u00f3lica"},"content":{"rendered":"<p>En la noche del jueves 19 de febrero, la\u00a0<a href=\"https:\/\/www.ecuavisa.com\/metadatos\/-\/meta\/LigaPro\" target=\"_blank\" rel=\"noopener\">LigaPro 2026<\/a>\u00a0anunci\u00f3 que el<strong>\u00a0duelo entre la Universidad Cat\u00f3lica y\u00a0<\/strong><a href=\"https:\/\/www.ecuavisa.com\/metadatos\/-\/meta\/emelec\" target=\"_blank\" rel=\"noopener\"><strong>Emelec<\/strong><\/a><strong>\u00a0deber\u00e1 ser reprogramado<\/strong>\u00a0por motivos de seguridad; sin embargo, desde ambas partes han existido diferentes versiones.<\/p>\n<p>Despu\u00e9s del anuncio, el presidente de la chatolei,\u00a0<a href=\"https:\/\/www.ecuavisa.com\/futbol-nacional\/presidente-de-la-u.-catolica-es-un-precedente-nefasto-es-una-burla-nosotros-nos-presentaremos-el-dia-sabado-a-la-hora-fijada-20260220-0003.html\" target=\"_blank\" rel=\"noopener\">Pablo Ortiz, coment\u00f3 a Ecuavisa<\/a>\u00a0que la\u00a0<strong>decisi\u00f3n era \u201cuna burla al hincha ecuatoriano\u00a0<\/strong>y a los equipos que respetan las reglas del f\u00fatbol\u201d y planeaba presentarse.<\/p>\n<p>A las pocas horas de sus declaraciones, el \u00fanico candidato a la presidencia de Emelec, Jos\u00e9 David\u00a0<strong>Jim\u00e9nez, revel\u00f3 que ellos no solicitaron la reprogramaci\u00f3n del duelo<\/strong>, sino que les informaron que fue pedido del equipo quite\u00f1o.<\/p>\n<p>&nbsp;<\/p>\n<p>\u201cNos hab\u00eda llegado que la\u00a0<strong>Universidad Cat\u00f3lica hab\u00eda solicitado diferir el partido<\/strong>\u00a0y quer\u00edamos confirmar la organizaci\u00f3n\u201d, coment\u00f3 Jim\u00e9nez a <strong>El Canal del F\u00fatbol.<\/strong><\/p>\n<p>El exministro del Deporte explic\u00f3 su comunicaci\u00f3n con el presidente de la Universidad Cat\u00f3lica.<\/p>\n<p><strong>\u201c<mark>Nosotros preguntamos si solicitaron definir el juego, porque eso nos comunicaron<\/mark>,<\/strong> y habl\u00e9 con Pablo (Ortiz) y me dijo que no\u201d, revel\u00f3.<\/p>\n<p>Anteriormente, el\u00a0<a href=\"https:\/\/www.ecuavisa.com\/futbol-nacional\/pablo-ortiz-david-jimenez-compostura-universidad-catolica-emelec-ligapro-20260220-0036.html\" target=\"_blank\" rel=\"noopener\">presidente del equipo camarata dio otra versi\u00f3n de los hechos<\/a>.<\/p>\n<p>\u201cTengo registradas dos llamadas del se\u00f1or Jos\u00e9 David Jim\u00e9nez, candidato a la presidencia de Emelec,<strong>\u00a0pidi\u00e9ndome que Cat\u00f3lica solicite el aplazamiento del partido<\/strong>.<\/p>\n<p>Le dije que no, y el se\u00f1or perdi\u00f3 la compostura\u201d, explic\u00f3.<\/p>\n<p>&nbsp;<\/p>\n<p>Finalmente, Jim\u00e9nez reafirm\u00f3 que \u201clo que hicimos preguntar fue si se estaban ratificando y nos aclararon que nunca lo hicieron\u201d y concluy\u00f3 que<\/p>\n<p><strong><mark>\u201cdesde la organizaci\u00f3n nos dijeron que ellos lo hab\u00edan solicitado\u201d<\/mark><\/strong>, cerr\u00f3.<\/p>\n<div class=\"banner-context\">Por el momento, el duelo de la\u00a0<strong>Universidad Cat\u00f3lica y Emelec no se disputar\u00e1 este s\u00e1bado 21 de febrero<\/strong>, sino que debe ser reprogramado. (<strong>D)<\/strong><\/div>\n<div><\/div>\n<div><strong>Fuente:<\/strong> evafm.net &#8211; ecuavisa.com<\/div>\n<div><\/div>\n<div><\/div>\n<div class=\"gsp_post_data\" \r\n\t            data-post_type=\"post\" \r\n\t            data-cat=\"deportes-ecuador,general\" \r\n\t            data-modified=\"120\"\r\n\t            data-created=\"1771592199\"\r\n\t            data-title=\"Jos\u00e9 David Jim\u00e9nez aclara que Emelec no pidi\u00f3 diferir el partido ante la Universidad Cat\u00f3lica\" \r\n\t            data-home=\"https:\/\/www.evafm.net\/sitio\"><\/div>","protected":false},"excerpt":{"rendered":"<p>En la noche del jueves 19 de febrero, la\u00a0LigaPro 2026\u00a0anunci\u00f3 que el\u00a0duelo entre la Universidad Cat\u00f3lica y\u00a0Emelec\u00a0deber\u00e1 ser reprogramado\u00a0por motivos de seguridad; sin embargo, desde ambas partes han existido diferentes versiones. Despu\u00e9s del anuncio, el presidente de la chatolei,\u00a0Pablo Ortiz, coment\u00f3 a Ecuavisa\u00a0que la\u00a0decisi\u00f3n era \u201cuna burla al hincha ecuatoriano\u00a0y a los equipos que respetan&#8230;<\/p>\n","protected":false},"author":5,"featured_media":99355,"comment_status":"closed","ping_status":"open","sticky":false,"template":"","format":"standard","meta":{"_joinchat":[],"footnotes":""},"categories":[1557,1720],"tags":[],"class_list":["post-99354","post","type-post","status-publish","format-standard","has-post-thumbnail","hentry","category-deportes-ecuador","category-general","have-post-thumb"],"_links":{"self":[{"href":"https:\/\/www.evafm.net\/sitio\/wp-json\/wp\/v2\/posts\/99354","targetHints":{"allow":["GET"]}}],"collection":[{"href":"https:\/\/www.evafm.net\/sitio\/wp-json\/wp\/v2\/posts"}],"about":[{"href":"https:\/\/www.evafm.net\/sitio\/wp-json\/wp\/v2\/types\/post"}],"author":[{"embeddable":true,"href":"https:\/\/www.evafm.net\/sitio\/wp-json\/wp\/v2\/users\/5"}],"replies":[{"embeddable":true,"href":"https:\/\/www.evafm.net\/sitio\/wp-json\/wp\/v2\/comments?post=99354"}],"version-history":[{"count":1,"href":"https:\/\/www.evafm.net\/sitio\/wp-json\/wp\/v2\/posts\/99354\/revisions"}],"predecessor-version":[{"id":99356,"href":"https:\/\/www.evafm.net\/sitio\/wp-json\/wp\/v2\/posts\/99354\/revisions\/99356"}],"wp:featuredmedia":[{"embeddable":true,"href":"https:\/\/www.evafm.net\/sitio\/wp-json\/wp\/v2\/media\/99355"}],"wp:attachment":[{"href":"https:\/\/www.evafm.net\/sitio\/wp-json\/wp\/v2\/media?parent=99354"}],"wp:term":[{"taxonomy":"category","embeddable":true,"href":"https:\/\/www.evafm.net\/sitio\/wp-json\/wp\/v2\/categories?post=99354"},{"taxonomy":"post_tag","embeddable":true,"href":"https:\/\/www.evafm.net\/sitio\/wp-json\/wp\/v2\/tags?post=99354"}],"curies":[{"name":"wp","href":"https:\/\/api.w.org\/{rel}","templated":true}]}}