{"id":99458,"date":"2026-02-23T10:53:15","date_gmt":"2026-02-23T15:53:15","guid":{"rendered":"https:\/\/www.evafm.net\/sitio\/?p=99458"},"modified":"2026-02-23T10:53:15","modified_gmt":"2026-02-23T15:53:15","slug":"asi-celebro-jennifer-lopez-el-cumpleanos-numero-18-de-sus-hijos-emme-y-max","status":"publish","type":"post","link":"https:\/\/www.evafm.net\/sitio\/asi-celebro-jennifer-lopez-el-cumpleanos-numero-18-de-sus-hijos-emme-y-max\/","title":{"rendered":"As\u00ed celebr\u00f3 Jennifer Lopez el cumplea\u00f1os n\u00famero 18 de sus hijos Emme y Max"},"content":{"rendered":"<p>La celebraci\u00f3n del cumplea\u00f1os n\u00famero 18 de\u00a0<b>Emme<\/b>\u00a0y\u00a0<b>Max Mu\u00f1iz<\/b>\u00a0fue un momento \u00edntimo y cargado de emociones para\u00a0<a title=\"https:\/\/www.infobae.com\/entretenimiento\/2026\/01\/28\/jennifer-lopez-y-ben-affleck-retiran-nuevamente-del-mercado-su-mansion-de-beverly-hills-valorada-en-52-millones-de-dolares\/\" href=\"https:\/\/www.infobae.com\/entretenimiento\/2026\/01\/28\/jennifer-lopez-y-ben-affleck-retiran-nuevamente-del-mercado-su-mansion-de-beverly-hills-valorada-en-52-millones-de-dolares\/\" target=\"_blank\" rel=\"noopener noreferrer\" data-mrf-link=\"https:\/\/www.infobae.com\/entretenimiento\/2026\/01\/28\/jennifer-lopez-y-ben-affleck-retiran-nuevamente-del-mercado-su-mansion-de-beverly-hills-valorada-en-52-millones-de-dolares\/\">Jennifer Lopez<\/a>, tal como lo dej\u00f3 ver en sus redes sociales.<\/p>\n<p class=\"paragraph\" data-mrf-recirculation=\"Links inline\">La artista comparti\u00f3 en sus redes sociales un montaje de im\u00e1genes y videos sobre el crecimiento de sus hijos, acompa\u00f1ado de una carta en la que reflexiona sobre el paso del tiempo<\/p>\n<p class=\"paragraph\" data-mrf-recirculation=\"Links inline\">y la transformaci\u00f3n que la maternidad provoc\u00f3 en su vida.<\/p>\n<div class=\"inline ad-wrapper\">\n<div class=\"dfpAd ad-inline\"><\/div>\n<\/div>\n<p class=\"paragraph\" data-mrf-recirculation=\"Links inline\"><b>\u201cLa vida me cambi\u00f3 para siempre\u201d<\/b>, escribi\u00f3 Lopez, evocando el instante en que dio a luz a los mellizos durante una intensa tormenta de nieve en Nueva York.<\/p>\n<p data-mrf-recirculation=\"Links inline\">La cantante continu\u00f3 en su extensa publicaci\u00f3n:<\/p>\n<p data-mrf-recirculation=\"Links inline\"><strong> \u201cRecuerdo ir en el auto mirando por la ventana, todo estaba cubierto de blanco, y en mi coraz\u00f3n supe que as\u00ed ser\u00eda siempre su vida: llena de magia\u201d.<\/strong><\/p>\n<p data-mrf-recirculation=\"Links inline\">\n<p data-mrf-recirculation=\"Links inline\">El mensaje de la artista transmiti\u00f3 gratitud y asombro ante la adultez de sus hijos.<\/p>\n<p data-mrf-recirculation=\"Links inline\"><strong>\u201cNo puedo creer que ya sean adultos&#8230; \u00a118 a\u00f1os! Son tan bondadosos, generosos y cari\u00f1osos\u201d,<\/strong> sostuvo.<\/p>\n<p class=\"paragraph\" data-mrf-recirculation=\"Links inline\">Y agreg\u00f3: \u201c<b>Qu\u00e9 afortunado fue el mundo el d\u00eda en que Dios decidi\u00f3 enviarlos\u00a0<\/b>aqu\u00ed con todos sus talentos, su esp\u00edritu y su coraz\u00f3n para hacer de este mundo un lugar mejor, porque<\/p>\n<p class=\"paragraph\" data-mrf-recirculation=\"Links inline\">eso es lo que hacen para m\u00ed y para cualquiera que tenga la suerte de conocerlos\u201d.<\/p>\n<p class=\"paragraph\" data-mrf-recirculation=\"Links inline\">En distintos pasajes de la publicaci\u00f3n, Lopez utiliz\u00f3 el apodo \u201ccoconuts\u201d para referirse a Emme y Max, evidenciando la complicidad que los une.<\/p>\n<p class=\"paragraph\" data-mrf-recirculation=\"Links inline\">\u201cDecir \u2018los quiero\u2019 nunca podr\u00eda abarcar la profundidad de sentimiento, afecto y cuidado que tengo por ustedes, mis coconuts.\u00a0<b>\u00a1Siempre hemos sido los tres!<\/b>\u201d, expres\u00f3 la artista.<\/p>\n<p data-mrf-recirculation=\"Links inline\">\n<p class=\"paragraph\" data-mrf-recirculation=\"Links inline\"><b>Jennifer Lopez<\/b>\u00a0destac\u00f3 el valor de ese v\u00ednculo al recordar que, pese a los desaf\u00edos, se mantuvieron juntos.<\/p>\n<p class=\"paragraph\" data-mrf-recirculation=\"Links inline\">\u201cSiempre nos hemos tenido los unos a los otros para aferrarnos y ser esa presencia estable en medio de cualquier tormenta de nieve.<\/p>\n<p class=\"paragraph\" data-mrf-recirculation=\"Links inline\">Y les prometo, mis hermosos coconuts, que no importa cu\u00e1nto crezcan, as\u00ed ser\u00e1 siempre\u201d, se\u00f1al\u00f3 en su post.<\/p>\n<p class=\"paragraph\" data-mrf-recirculation=\"Links inline\">En el tributo, dedic\u00f3 palabras personales a cada uno:\u00a0<b>\u201cLulu, eres mi rayo de sol&#8230; y Max, eres incre\u00edble tal como eres\u201d<\/b>.<\/p>\n<p class=\"paragraph\" data-mrf-recirculation=\"Links inline\">Los mellizos, hijos de la cantante y<b>\u00a0su exesposo Marc Anthony<\/b>, han acompa\u00f1ado a su madre en momentos clave, como la actuaci\u00f3n de Emme junto a ella en el Super Bowl LIV<\/p>\n<p class=\"paragraph\" data-mrf-recirculation=\"Links inline\">o presentaciones musicales familiares difundidas en redes sociales.<\/p>\n<p data-mrf-recirculation=\"Links inline\">\n<p class=\"paragraph\" data-mrf-recirculation=\"Links inline\">Recientemente, la int\u00e9rprete relat\u00f3 una conversaci\u00f3n con sus hijos alrededor de los diez a\u00f1os:<\/p>\n<p class=\"paragraph\" data-mrf-recirculation=\"Links inline\"><strong>\u201cEllos me dijeron: \u2018No eres una mam\u00e1 com\u00fan. No est\u00e1s aqu\u00ed todos los d\u00edas.<\/strong><\/p>\n<p class=\"paragraph\" data-mrf-recirculation=\"Links inline\"><strong> No nos llevas ni nos recoges como las dem\u00e1s [mam\u00e1s]\u2019\u201d.<\/strong><\/p>\n<p class=\"paragraph\" data-mrf-recirculation=\"Links inline\">Ese di\u00e1logo, ocurrido durante la pandemia, la llev\u00f3 a repensar sus prioridades y a valorar su presencia cotidiana:<\/p>\n<p class=\"paragraph\" data-mrf-recirculation=\"Links inline\">\u00a0<b>\u201cMe di cuenta de cu\u00e1nto me necesitaban ah\u00ed\u201d<\/b>.<\/p>\n<p class=\"paragraph\" data-mrf-recirculation=\"Links inline\">En una narraci\u00f3n en video,\u00a0<b>J.Lo\u00a0<\/b>reconoci\u00f3: \u201cLos chicos, sinceramente, me dieron una nueva direcci\u00f3n.<\/p>\n<p class=\"paragraph\" data-mrf-recirculation=\"Links inline\">\u00a0<b>Me hicieron ver qu\u00e9 era real y qu\u00e9 no lo era<\/b>, y simplemente cambiaron todo\u201d.<\/p>\n<p class=\"paragraph\" data-mrf-recirculation=\"Links inline\">Los mellizos han tenido apariciones espor\u00e1dicas junto a su madre en eventos p\u00fablicos, como la alfombra roja de la premiere neoyorquina de\u00a0<i><b>Kiss of the Spider Woman<\/b><\/i>.<\/p>\n<p data-mrf-recirculation=\"Links inline\">\n<p class=\"paragraph\" data-mrf-recirculation=\"Links inline\">Durante su adolescencia, Emme y Max compartieron presentaciones musicales con\u00a0<b>Jennifer Lopez<\/b>, como una interpretaci\u00f3n reciente de \u201cRiptide\u201d de Vance Joy, en la que<\/p>\n<p class=\"paragraph\" data-mrf-recirculation=\"Links inline\">Max asumi\u00f3 la voz principal y Emme toc\u00f3 la guitarra, demostrando que el talento familiar contin\u00faa desarroll\u00e1ndose.<\/p>\n<p class=\"paragraph\" data-mrf-recirculation=\"Links inline\">A sus 56 a\u00f1os, la estrella musical mantiene la familia en el centro de su vida, pese a las exigencias de su carrera art\u00edstica.<\/p>\n<p class=\"paragraph\" data-mrf-recirculation=\"Links inline\">El homenaje a sus hijos, compuesto por im\u00e1genes in\u00e9ditas y palabras directas, deja ver la visi\u00f3n de la artista sobre el amor maternal:\u00a0<b>\u201cSiempre hemos estado juntos en esta traves\u00eda\u201d<\/b>.<\/p>\n<p data-mrf-recirculation=\"Links inline\">\n<p data-mrf-recirculation=\"Links inline\"><img fetchpriority=\"high\" decoding=\"async\" class=\"\" src=\"https:\/\/www.infobae.com\/resizer\/v2\/NTPXZFWTDJAAXDP2MTQINTSJOA.jpg?auth=08d3419a5d3ade4869f6ed4b8cd9d93e889ecdb32adfa836cea71106dfde1a02&amp;smart=true&amp;width=350&amp;height=273&amp;quality=85\" alt=\"La artista reflexiona sobre la\" width=\"713\" height=\"556\" \/><\/p>\n<div class=\"visual__image\">La artista reflexiona sobre la maternidad y c\u00f3mo el nacimiento de los mellizos transform\u00f3 su vida<\/div>\n<div class=\"visual__image\">para siempre<strong> (Instagram\/@jlo)<\/strong><\/div>\n<div><\/div>\n<div><\/div>\n<div><\/div>\n<div class=\"inline_2_DSK ad-wrapper ad-desktop\">\n<div class=\"dfpAd ad-inline\"><img decoding=\"async\" class=\"global-image\" src=\"https:\/\/www.infobae.com\/resizer\/v2\/7GRBMKKGCRAV5PK4MV4TN5NTJY.jpg?auth=4f445110eaa8b2b6c52f1d904ecf3b518623b2c2220ab2594c14360783313191&amp;smart=true&amp;width=350&amp;height=263&amp;quality=85\" alt=\"Una conversaci\u00f3n durante la pandemia\" width=\"713\" height=\"536\" \/><\/div>\n<div class=\"dfpAd ad-inline\">Una conversaci\u00f3n durante la pandemia llev\u00f3 a Jennifer Lopez a reconsiderar sus prioridades y dar<\/div>\n<div class=\"dfpAd ad-inline\">mayor valor a su presencia cotidiana como madre <strong>(Instagram\/@jlo).<\/strong><\/div>\n<\/div>\n<div><\/div>\n<div><\/div>\n<div><\/div>\n<p data-mrf-recirculation=\"Links inline\"><img decoding=\"async\" class=\"global-image\" src=\"https:\/\/www.infobae.com\/resizer\/v2\/BEWU5TNVXFEEXOVJKLJHMHJUKA.jpg?auth=a2e1d260a3427a773d231979b111ecbfb72e812b01d44747c3bf04e7e6fd49a1&amp;smart=true&amp;width=350&amp;height=390&amp;quality=85\" alt=\"Los mellizos de Jennifer Lopez\" width=\"711\" height=\"792\" \/><\/p>\n<p data-mrf-recirculation=\"Links inline\">Los mellizos de Jennifer Lopez y Marc Anthony contin\u00faan desarrollando su talento art\u00edstico<\/p>\n<p data-mrf-recirculation=\"Links inline\"><strong>(Instagram\/@jlo)<\/strong><\/p>\n<p data-mrf-recirculation=\"Links inline\">\n<p data-mrf-recirculation=\"Links inline\"><strong>Fuente:<\/strong> evafm.net &#8211; infobae.com<\/p>\n<div class=\"gsp_post_data\" \r\n\t            data-post_type=\"post\" \r\n\t            data-cat=\"farandula-internacional,general\" \r\n\t            data-modified=\"120\"\r\n\t            data-created=\"1771843995\"\r\n\t            data-title=\"As\u00ed celebr\u00f3 Jennifer Lopez el cumplea\u00f1os n\u00famero 18 de sus hijos Emme y Max\" \r\n\t            data-home=\"https:\/\/www.evafm.net\/sitio\"><\/div>","protected":false},"excerpt":{"rendered":"<p>La celebraci\u00f3n del cumplea\u00f1os n\u00famero 18 de\u00a0Emme\u00a0y\u00a0Max Mu\u00f1iz\u00a0fue un momento \u00edntimo y cargado de emociones para\u00a0Jennifer Lopez, tal como lo dej\u00f3 ver en sus redes sociales. La artista comparti\u00f3 en sus redes sociales un montaje de im\u00e1genes y videos sobre el crecimiento de sus hijos, acompa\u00f1ado de una carta en la que reflexiona sobre el&#8230;<\/p>\n","protected":false},"author":5,"featured_media":99459,"comment_status":"closed","ping_status":"open","sticky":false,"template":"","format":"standard","meta":{"_joinchat":[],"footnotes":""},"categories":[1346,1720],"tags":[],"class_list":["post-99458","post","type-post","status-publish","format-standard","has-post-thumbnail","hentry","category-farandula-internacional","category-general","have-post-thumb"],"_links":{"self":[{"href":"https:\/\/www.evafm.net\/sitio\/wp-json\/wp\/v2\/posts\/99458","targetHints":{"allow":["GET"]}}],"collection":[{"href":"https:\/\/www.evafm.net\/sitio\/wp-json\/wp\/v2\/posts"}],"about":[{"href":"https:\/\/www.evafm.net\/sitio\/wp-json\/wp\/v2\/types\/post"}],"author":[{"embeddable":true,"href":"https:\/\/www.evafm.net\/sitio\/wp-json\/wp\/v2\/users\/5"}],"replies":[{"embeddable":true,"href":"https:\/\/www.evafm.net\/sitio\/wp-json\/wp\/v2\/comments?post=99458"}],"version-history":[{"count":1,"href":"https:\/\/www.evafm.net\/sitio\/wp-json\/wp\/v2\/posts\/99458\/revisions"}],"predecessor-version":[{"id":99460,"href":"https:\/\/www.evafm.net\/sitio\/wp-json\/wp\/v2\/posts\/99458\/revisions\/99460"}],"wp:featuredmedia":[{"embeddable":true,"href":"https:\/\/www.evafm.net\/sitio\/wp-json\/wp\/v2\/media\/99459"}],"wp:attachment":[{"href":"https:\/\/www.evafm.net\/sitio\/wp-json\/wp\/v2\/media?parent=99458"}],"wp:term":[{"taxonomy":"category","embeddable":true,"href":"https:\/\/www.evafm.net\/sitio\/wp-json\/wp\/v2\/categories?post=99458"},{"taxonomy":"post_tag","embeddable":true,"href":"https:\/\/www.evafm.net\/sitio\/wp-json\/wp\/v2\/tags?post=99458"}],"curies":[{"name":"wp","href":"https:\/\/api.w.org\/{rel}","templated":true}]}}