{"id":99513,"date":"2026-02-25T13:45:53","date_gmt":"2026-02-25T18:45:53","guid":{"rendered":"https:\/\/www.evafm.net\/sitio\/?p=99513"},"modified":"2026-02-25T13:45:53","modified_gmt":"2026-02-25T18:45:53","slug":"exportadores-de-ecuador-piden-retomar-dialogo-con-colombia-para-reducir-impacto-de-aranceles","status":"publish","type":"post","link":"https:\/\/www.evafm.net\/sitio\/exportadores-de-ecuador-piden-retomar-dialogo-con-colombia-para-reducir-impacto-de-aranceles\/","title":{"rendered":"Exportadores de Ecuador piden retomar di\u00e1logo con Colombia para reducir impacto de aranceles"},"content":{"rendered":"<p>La\u00a0<strong>Federaci\u00f3n Ecuatoriana de Exportadores\u00a0<\/strong>(Fedexpor) inst\u00f3 al Gobierno de\u00a0<strong>Daniel Noboa<\/strong>\u00a0a retomar el di\u00e1logo con\u00a0<a href=\"https:\/\/www.ecuavisa.com\/economia\/ecuador-aranceles-30-encarecen-importaciones-desde-colombia-20260202-0110.html\" target=\"_blank\" rel=\"noopener\"><strong>Colombia<\/strong><\/a><strong>\u00a0<\/strong>para que se suspendan lo m\u00e1s pronto los aranceles del 30 % que, por parte del vecino pa\u00eds, entraron en vigencia este martes 24 de febrero, y que afectan a 73 productos ecuatorianos.<\/p>\n<p>\u00abEs fundamental retomar el canal diplom\u00e1tico de di\u00e1logo sobre la base de los avances que tuvieron lugar en las \u00faltimas reuniones y llegar a un acuerdo en dos l\u00edneas: reforzar la seguridad fronteriza y, como primera muestra de voluntad conjunta, suspender las medidas arancelarias que afectan el<strong>\u00a0libre comercio<\/strong>\u00a0mientras se implementan las acciones en materia de seguridad\u00bb, se\u00f1al\u00f3 el presidente de Fedexpor,\u00a0<strong>Xavier Rosero<\/strong>, en un comunicado.<\/p>\n<p>&nbsp;<\/p>\n<p>A\u00f1adi\u00f3 que ambos pa\u00edses \u00abdeben privilegiar un canal de entendimiento bilateral m\u00e1s expedito que el tiempo que prev\u00e9n los procesos al nivel de la<strong>\u00a0Comunidad Andina de Naciones\u00a0<\/strong>(CAN)\u00bb, para reducir el impacto de la medida.<\/p>\n<p>Los aranceles que Colombia oficializ\u00f3 este martes fueron impuestos en respuesta a la \u00ab<strong>tasa de seguridad<\/strong>\u00bb del 30 % aplicada por Ecuador desde el 1 de febrero a productos colombianos, debido a que, seg\u00fan Noboa, el vecino pa\u00eds no realizaba \u00abacciones firmes\u00bb para luchar contra los grupos criminales y el narcotr\u00e1fico en la frontera.<\/p>\n<p>&nbsp;<\/p>\n<p>De acuerdo al decreto publicado por el Gobierno colombiano, la medida se aplica a <strong>23 partidas arancelarias<\/strong> desagregadas en<strong> 73 subpartidas,<\/strong> que abarcan distintos productos agr\u00edcolas, alimenticios e industriales.<\/p>\n<p>Estos aranceles cubrir\u00edan a <strong>USD 5,25 millones<\/strong> en exportaciones semanales a Colombia, lo que representa uno de cada tres d\u00f3lares exportados a ese pa\u00eds, de acuerdo a cifras de Fedexpor.<\/p>\n<p>Adem\u00e1s del arancel del 30 %,\u00a0<strong>el gremio asegur\u00f3 que Colombia prohibi\u00f3 el ingreso por v\u00eda terrestre para determinados productos<\/strong>, entre los que se incluyen arroz, camar\u00f3n, banano y algunas hortalizas.<\/p>\n<p>&nbsp;<\/p>\n<p>D\u00edas antes, Rosero hab\u00eda se\u00f1alado que la medida, aunque no entraba en vigencia, ya estaba causando graves efectos, pues empresas exportadoras le hab\u00edan alertado que se estaban suspendiendo los pedidos.<\/p>\n<p>Asegur\u00f3 que los env\u00edos a ese pa\u00eds representan un<strong> 8 % o 9 %<\/strong> del total del pa\u00eds, pero que esas compa\u00f1\u00edas tienen involucrado e<strong>l 50 %<\/strong> o m\u00e1s de su facturaci\u00f3n en el mercado colombiano<\/p>\n<p>\u00abEst\u00e1n en serio riesgo de entrar en un proceso de reestructuraci\u00f3n o de iliquidez si es que no logran vender a Colombia\u00bb, dijo, y a\u00f1adi\u00f3 que conocen tambi\u00e9n que empresas de ese pa\u00eds ya est\u00e1n buscando esos productos en China, Brasil o M\u00e9xico.<\/p>\n<p>Colombia y Ecuador han sido tradicionalmente dos s\u00f3lidos socios comerciales con un intercambio que en los \u00faltimos a\u00f1os ronda los <strong>2 800 millones de d\u00f3lares,<\/strong> con una balanza negativa para Ecuador de alrededor de <strong>900 millones. (I)<\/strong><\/p>\n<div class=\"banner-context\"><strong>Fuente:<\/strong> evafm.net &#8211; ecuavisa.com<\/div>\n<p>&nbsp;<\/p>\n<div class=\"gsp_post_data\" \r\n\t            data-post_type=\"post\" \r\n\t            data-cat=\"general,noticias-ecuador\" \r\n\t            data-modified=\"120\"\r\n\t            data-created=\"1772027153\"\r\n\t            data-title=\"Exportadores de Ecuador piden retomar di\u00e1logo con Colombia para reducir impacto de aranceles\" \r\n\t            data-home=\"https:\/\/www.evafm.net\/sitio\"><\/div>","protected":false},"excerpt":{"rendered":"<p>La\u00a0Federaci\u00f3n Ecuatoriana de Exportadores\u00a0(Fedexpor) inst\u00f3 al Gobierno de\u00a0Daniel Noboa\u00a0a retomar el di\u00e1logo con\u00a0Colombia\u00a0para que se suspendan lo m\u00e1s pronto los aranceles del 30 % que, por parte del vecino pa\u00eds, entraron en vigencia este martes 24 de febrero, y que afectan a 73 productos ecuatorianos. \u00abEs fundamental retomar el canal diplom\u00e1tico de di\u00e1logo sobre la&#8230;<\/p>\n","protected":false},"author":5,"featured_media":99514,"comment_status":"closed","ping_status":"open","sticky":false,"template":"","format":"standard","meta":{"_joinchat":[],"footnotes":""},"categories":[1720,1558],"tags":[],"class_list":["post-99513","post","type-post","status-publish","format-standard","has-post-thumbnail","hentry","category-general","category-noticias-ecuador","have-post-thumb"],"_links":{"self":[{"href":"https:\/\/www.evafm.net\/sitio\/wp-json\/wp\/v2\/posts\/99513","targetHints":{"allow":["GET"]}}],"collection":[{"href":"https:\/\/www.evafm.net\/sitio\/wp-json\/wp\/v2\/posts"}],"about":[{"href":"https:\/\/www.evafm.net\/sitio\/wp-json\/wp\/v2\/types\/post"}],"author":[{"embeddable":true,"href":"https:\/\/www.evafm.net\/sitio\/wp-json\/wp\/v2\/users\/5"}],"replies":[{"embeddable":true,"href":"https:\/\/www.evafm.net\/sitio\/wp-json\/wp\/v2\/comments?post=99513"}],"version-history":[{"count":1,"href":"https:\/\/www.evafm.net\/sitio\/wp-json\/wp\/v2\/posts\/99513\/revisions"}],"predecessor-version":[{"id":99515,"href":"https:\/\/www.evafm.net\/sitio\/wp-json\/wp\/v2\/posts\/99513\/revisions\/99515"}],"wp:featuredmedia":[{"embeddable":true,"href":"https:\/\/www.evafm.net\/sitio\/wp-json\/wp\/v2\/media\/99514"}],"wp:attachment":[{"href":"https:\/\/www.evafm.net\/sitio\/wp-json\/wp\/v2\/media?parent=99513"}],"wp:term":[{"taxonomy":"category","embeddable":true,"href":"https:\/\/www.evafm.net\/sitio\/wp-json\/wp\/v2\/categories?post=99513"},{"taxonomy":"post_tag","embeddable":true,"href":"https:\/\/www.evafm.net\/sitio\/wp-json\/wp\/v2\/tags?post=99513"}],"curies":[{"name":"wp","href":"https:\/\/api.w.org\/{rel}","templated":true}]}}