{"id":99555,"date":"2026-02-26T09:08:50","date_gmt":"2026-02-26T14:08:50","guid":{"rendered":"https:\/\/www.evafm.net\/sitio\/?p=99555"},"modified":"2026-02-26T09:09:19","modified_gmt":"2026-02-26T14:09:19","slug":"francisco-egas-en-los-planes-de-fef-no-esta-quitarle-el-torneo-a-la-ligapro","status":"publish","type":"post","link":"https:\/\/www.evafm.net\/sitio\/francisco-egas-en-los-planes-de-fef-no-esta-quitarle-el-torneo-a-la-ligapro\/","title":{"rendered":"Francisco Egas: \u00abEn los planes de FEF no est\u00e1 quitarle el torneo a la LigaPro\u00bb"},"content":{"rendered":"<p>El presidente de la Federaci\u00f3n Ecuatoriana de F\u00fatbol,<a href=\"https:\/\/www.ecuavisa.com\/tema\/francisco-egas-t111029\" target=\"_blank\" rel=\"noopener\">\u00a0<strong>Francisco Egas<\/strong><\/a><strong>,<\/strong> asegur\u00f3 que, en caso de ser reelegido en los pr\u00f3ximos comicios, no est\u00e1 en sus planes eliminar la <strong>LigaPro.<\/strong><\/p>\n<p>\u00abNi el presidente de la FEF ni su consejo son la m\u00e1xima autoridad, la\u00a0<strong>m\u00e1xima autoridad es el Congreso de la FEF<\/strong>.<\/p>\n<p>Es la que decidi\u00f3 darle la administraci\u00f3n del torneo a LigaPro.<\/p>\n<p><strong>Aqu\u00ed a un par de a\u00f1os hay que ver si ese convenio se modifica o se extiende.<\/strong><\/p>\n<p>Esto no depende de m\u00ed\u201d, dijo en una entrevista con <strong>Marca 90.<\/strong><\/p>\n<p>\u201cLa FEF siempre estar\u00e1 dispuesta a recibir a sus clubes y que ellos digan si es viable seguir con la Liga Profesional.<\/p>\n<p><strong>Lo que s\u00ed puedo decir es que en los planes de FEF no est\u00e1 quitarle el torneo a LigaPro<\/strong>\u201d, agreg\u00f3.<\/p>\n<p>\u201c<strong>Nosotros apoyaremos lo que los clubes crean que ser\u00e1 lo mejor para el futuro del f\u00fatbol ecuatoriano.\u00a0<\/strong><\/p>\n<p>En 2028 se tendr\u00e1 que revisar el convenio. Ah\u00ed sabremos lo que quiera el Congreso\u201d, finaliz\u00f3.<\/p>\n<p><strong>Su candidatura cuenta con el aval de la FIFA y la Conmebol<\/strong>, que mediante una carta oficial fechada el 13 de enero de 2026 confirmaron su elegibilidad, al no computarse el<\/p>\n<p>periodo 2019-2023 dentro del l\u00edmite estatutario reformado en 2023.<\/p>\n<p>Las elecciones presidenciales de la Federaci\u00f3n Ecuatoriana de F\u00fatbol (FEF) se llevar\u00e1n a cabo<strong> el 17 de marzo. (I)<\/strong><\/p>\n<p>&nbsp;<\/p>\n<p><strong>Fuente:<\/strong> evafm.net &#8211; ecuavisa.com<\/p>\n<p>&nbsp;<\/p>\n<p>&nbsp;<\/p>\n<div class=\"gsp_post_data\" \r\n\t            data-post_type=\"post\" \r\n\t            data-cat=\"deportes-ecuador,general\" \r\n\t            data-modified=\"120\"\r\n\t            data-created=\"1772096930\"\r\n\t            data-title=\"Francisco Egas: \u00abEn los planes de FEF no est\u00e1 quitarle el torneo a la LigaPro\u00bb\" \r\n\t            data-home=\"https:\/\/www.evafm.net\/sitio\"><\/div>","protected":false},"excerpt":{"rendered":"<p>El presidente de la Federaci\u00f3n Ecuatoriana de F\u00fatbol,\u00a0Francisco Egas, asegur\u00f3 que, en caso de ser reelegido en los pr\u00f3ximos comicios, no est\u00e1 en sus planes eliminar la LigaPro. \u00abNi el presidente de la FEF ni su consejo son la m\u00e1xima autoridad, la\u00a0m\u00e1xima autoridad es el Congreso de la FEF. Es la que decidi\u00f3 darle la&#8230;<\/p>\n","protected":false},"author":5,"featured_media":99556,"comment_status":"closed","ping_status":"open","sticky":false,"template":"","format":"standard","meta":{"_joinchat":[],"footnotes":""},"categories":[1557,1720],"tags":[],"class_list":["post-99555","post","type-post","status-publish","format-standard","has-post-thumbnail","hentry","category-deportes-ecuador","category-general","have-post-thumb"],"_links":{"self":[{"href":"https:\/\/www.evafm.net\/sitio\/wp-json\/wp\/v2\/posts\/99555","targetHints":{"allow":["GET"]}}],"collection":[{"href":"https:\/\/www.evafm.net\/sitio\/wp-json\/wp\/v2\/posts"}],"about":[{"href":"https:\/\/www.evafm.net\/sitio\/wp-json\/wp\/v2\/types\/post"}],"author":[{"embeddable":true,"href":"https:\/\/www.evafm.net\/sitio\/wp-json\/wp\/v2\/users\/5"}],"replies":[{"embeddable":true,"href":"https:\/\/www.evafm.net\/sitio\/wp-json\/wp\/v2\/comments?post=99555"}],"version-history":[{"count":2,"href":"https:\/\/www.evafm.net\/sitio\/wp-json\/wp\/v2\/posts\/99555\/revisions"}],"predecessor-version":[{"id":99558,"href":"https:\/\/www.evafm.net\/sitio\/wp-json\/wp\/v2\/posts\/99555\/revisions\/99558"}],"wp:featuredmedia":[{"embeddable":true,"href":"https:\/\/www.evafm.net\/sitio\/wp-json\/wp\/v2\/media\/99556"}],"wp:attachment":[{"href":"https:\/\/www.evafm.net\/sitio\/wp-json\/wp\/v2\/media?parent=99555"}],"wp:term":[{"taxonomy":"category","embeddable":true,"href":"https:\/\/www.evafm.net\/sitio\/wp-json\/wp\/v2\/categories?post=99555"},{"taxonomy":"post_tag","embeddable":true,"href":"https:\/\/www.evafm.net\/sitio\/wp-json\/wp\/v2\/tags?post=99555"}],"curies":[{"name":"wp","href":"https:\/\/api.w.org\/{rel}","templated":true}]}}