{"id":99568,"date":"2026-02-26T10:08:24","date_gmt":"2026-02-26T15:08:24","guid":{"rendered":"https:\/\/www.evafm.net\/sitio\/?p=99568"},"modified":"2026-02-26T10:08:24","modified_gmt":"2026-02-26T15:08:24","slug":"xavier-trudeau-habla-de-la-relacion-de-su-padre-con-katy-perry-la-he-conocido-es-simpatica","status":"publish","type":"post","link":"https:\/\/www.evafm.net\/sitio\/xavier-trudeau-habla-de-la-relacion-de-su-padre-con-katy-perry-la-he-conocido-es-simpatica\/","title":{"rendered":"Xavier Trudeau habla de la relaci\u00f3n de su padre con Katy Perry: \u201cLa he conocido, es simp\u00e1tica\u201d"},"content":{"rendered":"<p>El hijo mayor de <a title=\"https:\/\/www.infobae.com\/entretenimiento\/2025\/12\/15\/katy-perry-y-justin-trudeau-disfrutan-de-la-atencion-mediatica-que-estan-recibiendo-segun-fuentes-cercanas\/\" href=\"https:\/\/www.infobae.com\/entretenimiento\/2025\/12\/15\/katy-perry-y-justin-trudeau-disfrutan-de-la-atencion-mediatica-que-estan-recibiendo-segun-fuentes-cercanas\/\" target=\"_blank\" rel=\"noopener noreferrer\" data-mrf-link=\"https:\/\/www.infobae.com\/entretenimiento\/2025\/12\/15\/katy-perry-y-justin-trudeau-disfrutan-de-la-atencion-mediatica-que-estan-recibiendo-segun-fuentes-cercanas\/\">Justin Trudeau<\/a>,\u00a0<b>Xavier<\/b>, se manifest\u00f3 sobre la relaci\u00f3n entre el ex primer ministro canadiense y la cantante estadounidense\u00a0<a title=\"https:\/\/www.infobae.com\/entretenimiento\/2025\/12\/06\/katy-perry-y-justin-trudeau-confirmaron-su-relacion-con-unas-romanticas-fotos-en-japon\/\" href=\"https:\/\/www.infobae.com\/entretenimiento\/2025\/12\/06\/katy-perry-y-justin-trudeau-confirmaron-su-relacion-con-unas-romanticas-fotos-en-japon\/\" target=\"_blank\" rel=\"noopener noreferrer\" data-mrf-link=\"https:\/\/www.infobae.com\/entretenimiento\/2025\/12\/06\/katy-perry-y-justin-trudeau-confirmaron-su-relacion-con-unas-romanticas-fotos-en-japon\/\">Katy Perry<\/a>.<\/p>\n<p class=\"paragraph\" data-mrf-recirculation=\"Links inline\">Con apenas 18 a\u00f1os, Xavier no solo se mostr\u00f3 abierto respecto a la pareja de su padre, sino que comparti\u00f3 detalles in\u00e9ditos sobre la interacci\u00f3n directa<\/p>\n<p class=\"paragraph\" data-mrf-recirculation=\"Links inline\">que mantiene con Perry y el impacto en su incipiente carrera musical.<\/p>\n<div class=\"inline ad-wrapper\">\n<div class=\"dfpAd ad-inline\"><\/div>\n<\/div>\n<p class=\"paragraph\" data-mrf-recirculation=\"Links inline\">En una conversaci\u00f3n reciente publicada en redes sociales, el joven relat\u00f3 su primer encuentro y la relaci\u00f3n que mantiene con la cantante.<\/p>\n<p class=\"paragraph\" data-mrf-recirculation=\"Links inline\">Cuando el influencer G Hobs le pregunt\u00f3 si la conoc\u00eda, Xavier respondi\u00f3, sonriente, que s\u00ed:\u00a0<b>\u201cLa he conocido\u201d<\/b>.<\/p>\n<div class=\"inline_2_DSK ad-wrapper ad-desktop\">\n<div class=\"dfpAd ad-inline\">Sobre su impresi\u00f3n personal, sostuvo que <b>\u201ces genial, es simp\u00e1tica\u201d<\/b>, y enseguida profundiz\u00f3 en el v\u00ednculo profesional que los une.<\/div>\n<\/div>\n<div><\/div>\n<div><\/div>\n<div><\/div>\n<div>Se\u00f1al\u00f3 que hablaron durante horas sobre su m\u00fasica, que Perry le ofreci\u00f3 consejos y pr\u00f3ximos pasos para desarrollar su carrera, y subray\u00f3 la influencia<\/div>\n<div><\/div>\n<div>y el rol de mentora que la artista asumi\u00f3 en su recorrido art\u00edstico.<\/div>\n<div><\/div>\n<div><\/div>\n<div>\n<p class=\"paragraph\" data-mrf-recirculation=\"Links inline\">Desde la infancia, Xavier sinti\u00f3 una pasi\u00f3n especial por la m\u00fasica, un inter\u00e9s que cultivaron sus padres durante el matrimonio de Trudeau con<\/p>\n<p class=\"paragraph\" data-mrf-recirculation=\"Links inline\"><b>Sophie Gr\u00e9goire Trudeau<\/b>.<\/p>\n<p class=\"paragraph\" data-mrf-recirculation=\"Links inline\">\u201cSiempre me encant\u00f3 la m\u00fasica, ya fuera crearla o escucharla. Siempre tuve pasi\u00f3n por esto\u201d, rememor\u00f3 en entrevistas previas.<\/p>\n<p class=\"paragraph\" data-mrf-recirculation=\"Links inline\">Sus primeros pasos incluyeron clases de bater\u00eda, guitarra y piano, hasta que inici\u00f3 la producci\u00f3n y grabaci\u00f3n de sus propias canciones en el tel\u00e9fono<\/p>\n<p class=\"paragraph\" data-mrf-recirculation=\"Links inline\">un proceso que finalmente deriv\u00f3 en la b\u00fasqueda de un sonido propio dentro del R&amp;B bajo el nombre art\u00edstico de <b>Xav<\/b>.<\/p>\n<p class=\"paragraph\" data-mrf-recirculation=\"Links inline\">El apoyo familiar result\u00f3 constante en este proceso. Xavier remarc\u00f3 el ambiente de respaldo en casa:\u00a0<b>\u201cSiempre me apoyaron desde el principio<\/b>\u201d.<\/p>\n<p class=\"paragraph\" data-mrf-recirculation=\"Links inline\">Cont\u00f3 que cada vez que regresaba del estudio, ten\u00eda algo para mostrarles y se sentaban a cenar escuchando juntos las canciones.<\/p>\n<p class=\"paragraph\" data-mrf-recirculation=\"Links inline\"><strong> \u201cEsto me gusta, esto no tanto\u201d,<\/strong> coment\u00f3.<\/p>\n<\/div>\n<p class=\"paragraph\" data-mrf-recirculation=\"Links inline\">Tanto su padre como su madre celebraron el camino que est\u00e1 forjando y, seg\u00fan Xavier, \u201cest\u00e1n contentos de que est\u00e9 eligiendo mi propio rumbo en la vida\u201d.<\/p>\n<p class=\"paragraph\" data-mrf-recirculation=\"Links inline\">La relaci\u00f3n entre\u00a0<b>Justin Trudeau<\/b>\u00a0y\u00a0<b>Katy Perry<\/b>\u00a0atrajo la atenci\u00f3n p\u00fablica en julio de 2025, cuando ambos fueron vistos juntos en\u00a0<b>Montreal<\/b>.<\/p>\n<p class=\"paragraph\" data-mrf-recirculation=\"Links inline\">D\u00edas despu\u00e9s, Trudeau fue fotografiado entre el p\u00fablico de uno de los conciertos de la estrella pop, bailando con entusiasmo.<\/p>\n<p class=\"paragraph\" data-mrf-recirculation=\"Links inline\">En octubre de ese a\u00f1o,<b>\u00a0la pareja fue captada en Par\u00eds<\/b>\u00a0durante la celebraci\u00f3n del cumplea\u00f1os de Perry, lo que confirm\u00f3 las especulaciones sobre su romance.<\/p>\n<p class=\"paragraph\" data-mrf-recirculation=\"Links inline\">La confirmaci\u00f3n oficial lleg\u00f3 en diciembre de ese a\u00f1o, cuando Perry public\u00f3 en Instagram una imagen junto a Trudeau durante un viaje a Jap\u00f3n, acompa\u00f1ados<\/p>\n<p class=\"paragraph\" data-mrf-recirculation=\"Links inline\">del ex primer ministro\u00a0<b>Fumio Kishida<\/b>, quien tambi\u00e9n comparti\u00f3 la ocasi\u00f3n en sus redes sociales y resalt\u00f3 la continuidad de la amistad entre ambos pa\u00edses.<\/p>\n<p data-mrf-recirculation=\"Links inline\">\n<p class=\"paragraph\" data-mrf-recirculation=\"Links inline\">Actualmente, los rumores sobre un posible embarazo de\u00a0<b>Katy Perry<\/b>\u00a0circularon con el avance de la relaci\u00f3n con\u00a0<b>Justin Trudeau<\/b>.<\/p>\n<p class=\"paragraph\" data-mrf-recirculation=\"Links inline\">La especulaci\u00f3n se intensific\u00f3 tras la publicaci\u00f3n de fotograf\u00edas en las que la artista aparec\u00eda en California con un vestido blanco y una bata cubriendo<\/p>\n<p class=\"paragraph\" data-mrf-recirculation=\"Links inline\">su abdomen lo que gener\u00f3 comentarios en redes sociales sobre la posibilidad de que estuviera ocultando un embarazo.<\/p>\n<p class=\"paragraph\" data-mrf-recirculation=\"Links inline\">Fuentes cercanas a ambos desmintieron categ\u00f3ricamente estos rumores. Un testimonio recogido por el tabloide brit\u00e1nico\u00a0<i>Daily Mail<\/i>\u00a0lo sintetiz\u00f3 as\u00ed:<\/p>\n<p class=\"paragraph\" data-mrf-recirculation=\"Links inline\"><b>\u201cHa habido rumores de que Katy est\u00e1 embarazada, pero no lo est\u00e1\u201d<\/b>.<\/p>\n<p class=\"paragraph\" data-mrf-recirculation=\"Links inline\">La misma fuente matiz\u00f3 que Perry \u201cno lo descarta, pero\u00a0<b>ahora est\u00e1n en una fase de luna de miel<\/b>, disfrutando la vida juntos con los hijos que ya tienen de<\/p>\n<p class=\"paragraph\" data-mrf-recirculation=\"Links inline\">relaciones anteriores\u201d.<\/p>\n<p class=\"paragraph\" data-mrf-recirculation=\"Links inline\">El entorno de la int\u00e9rprete de 41 a\u00f1os asegur\u00f3 que ella prefiri\u00f3 enfocarse en sus compromisos profesionales antes de contemplar la posibilidad de ampliar la familia.<\/p>\n<p data-mrf-recirculation=\"Links inline\">\n<p class=\"paragraph\" data-mrf-recirculation=\"Links inline\">Seg\u00fan la fuente consultada, \u201cno es la principal raz\u00f3n por la que no est\u00e1 embarazada, pero Katy quiere terminar su pr\u00f3xima gira con el menor estr\u00e9s posible y sin<\/p>\n<p class=\"paragraph\" data-mrf-recirculation=\"Links inline\">las preocupaciones que implica traer un nuevo hijo al mundo\u201d.<\/p>\n<p class=\"paragraph\" data-mrf-recirculation=\"Links inline\">Por ahora, la pareja tampoco discuti\u00f3 temas como el compromiso o el matrimonio.<\/p>\n<p class=\"paragraph\" data-mrf-recirculation=\"Links inline\">El informante enfatiz\u00f3:\u00a0<b>\u201cNi siquiera han hablado de comprometerse o casarse. Solo disfrutan de ser pareja\u201d<\/b>.<\/p>\n<p class=\"paragraph\" data-mrf-recirculation=\"Links inline\">El ex prometido de\u00a0<b>Katy Perry<\/b>,\u00a0<b>Orlando Bloom<\/b>, con quien comparte la crianza de su hija\u00a0<b>Daisy Dove<\/b>, tambi\u00e9n sigui\u00f3 adelante con su vida.<\/p>\n<p class=\"paragraph\" data-mrf-recirculation=\"Links inline\">La misma fuente sostuvo que, si Perry tuviera un hijo con Justin, \u201cOrlando estar\u00eda triste al principio, pero en \u00faltima instancia lo aceptar\u00eda y ser\u00eda feliz por ella\u201d.<\/p>\n<p class=\"paragraph\" data-mrf-recirculation=\"Links inline\">En una entrevista reciente, Bloom expres\u00f3 su gratitud por la coparentalidad con la madre de su hija:\u00a0<b>\u201cTenemos una hermosa hija\u2026 Solo hay amor\u201d<\/b>.<strong> (I)<\/strong><\/p>\n<p data-mrf-recirculation=\"Links inline\"><img fetchpriority=\"high\" decoding=\"async\" class=\"global-image\" src=\"https:\/\/www.infobae.com\/resizer\/v2\/TE6W3DOZZFEQTM6DJPXQTGFHWE.jpg?auth=10fab5eda861b167ad34421d48d190e66004f7b3ac0728af4d1ba668f96081b1&amp;smart=true&amp;width=350&amp;height=407&amp;quality=85\" alt=\"\u201cSiempre me encant\u00f3 la m\u00fasica,\" width=\"806\" height=\"937\" \/>\u201c<\/p>\n<p data-mrf-recirculation=\"Links inline\">Siempre me encant\u00f3 la m\u00fasica, ya fuera crearla o escucharla.<\/p>\n<p data-mrf-recirculation=\"Links inline\">Siempre tuve pasi\u00f3n por esto\u201d, sostuvo Xavier, de 18 a\u00f1os (Instagram\/@xavtrudeau_)<\/p>\n<p data-mrf-recirculation=\"Links inline\">\n<p data-mrf-recirculation=\"Links inline\">\n<p data-mrf-recirculation=\"Links inline\"><img decoding=\"async\" class=\"global-image\" src=\"https:\/\/www.infobae.com\/resizer\/v2\/LR4QM3TMEBA3BGOY6ENUJYGCNU.jpg?auth=ceb350f1a408e2fe068fffba96a50d65db22618d3b87d0d22b12788ff61dfbda&amp;smart=true&amp;width=350&amp;height=197&amp;quality=85\" alt=\"Justin Trudeau y Katy Perry\" width=\"924\" height=\"520\" \/><\/p>\n<p data-mrf-recirculation=\"Links inline\">Justin Trudeau y Katy Perry confirmaron su relaci\u00f3n p\u00fablicamente tras ser vistos juntos en Montreal, Par\u00eds y durante un viaje<\/p>\n<p data-mrf-recirculation=\"Links inline\">a Jap\u00f3n (Instagram\/Katy Perry)<\/p>\n<p data-mrf-recirculation=\"Links inline\">\n<p data-mrf-recirculation=\"Links inline\"><img decoding=\"async\" class=\"global-image\" src=\"https:\/\/www.infobae.com\/resizer\/v2\/YL2LQ447NBE5XNDRC7XF2NFF3I.jpg?auth=25b36a8ee2270b4b1957c45a6c21210640c2e471ca1fa431fc278ae205d60267&amp;smart=true&amp;width=350&amp;height=197&amp;quality=85\" alt=\"El entorno de Katy Perry\" width=\"947\" height=\"533\" \/><\/p>\n<p data-mrf-recirculation=\"Links inline\">El entorno de Katy Perry aclar\u00f3 que no existen planes inmediatos de compromiso o matrimonio con Justin Trudeau, pese a los<\/p>\n<p data-mrf-recirculation=\"Links inline\">rumores (Redes sociales)<\/p>\n<p data-mrf-recirculation=\"Links inline\">\n<p data-mrf-recirculation=\"Links inline\"><strong>Fuente:<\/strong> evafm.net &#8211; infobae.com<\/p>\n<div class=\"gsp_post_data\" \r\n\t            data-post_type=\"post\" \r\n\t            data-cat=\"farandula-internacional,general\" \r\n\t            data-modified=\"120\"\r\n\t            data-created=\"1772100504\"\r\n\t            data-title=\"Xavier Trudeau habla de la relaci\u00f3n de su padre con Katy Perry: \u201cLa he conocido, es simp\u00e1tica\u201d\" \r\n\t            data-home=\"https:\/\/www.evafm.net\/sitio\"><\/div>","protected":false},"excerpt":{"rendered":"<p>El hijo mayor de Justin Trudeau,\u00a0Xavier, se manifest\u00f3 sobre la relaci\u00f3n entre el ex primer ministro canadiense y la cantante estadounidense\u00a0Katy Perry. Con apenas 18 a\u00f1os, Xavier no solo se mostr\u00f3 abierto respecto a la pareja de su padre, sino que comparti\u00f3 detalles in\u00e9ditos sobre la interacci\u00f3n directa que mantiene con Perry y el impacto&#8230;<\/p>\n","protected":false},"author":5,"featured_media":99569,"comment_status":"closed","ping_status":"open","sticky":false,"template":"","format":"standard","meta":{"_joinchat":[],"footnotes":""},"categories":[1346,1720],"tags":[],"class_list":["post-99568","post","type-post","status-publish","format-standard","has-post-thumbnail","hentry","category-farandula-internacional","category-general","have-post-thumb"],"_links":{"self":[{"href":"https:\/\/www.evafm.net\/sitio\/wp-json\/wp\/v2\/posts\/99568","targetHints":{"allow":["GET"]}}],"collection":[{"href":"https:\/\/www.evafm.net\/sitio\/wp-json\/wp\/v2\/posts"}],"about":[{"href":"https:\/\/www.evafm.net\/sitio\/wp-json\/wp\/v2\/types\/post"}],"author":[{"embeddable":true,"href":"https:\/\/www.evafm.net\/sitio\/wp-json\/wp\/v2\/users\/5"}],"replies":[{"embeddable":true,"href":"https:\/\/www.evafm.net\/sitio\/wp-json\/wp\/v2\/comments?post=99568"}],"version-history":[{"count":1,"href":"https:\/\/www.evafm.net\/sitio\/wp-json\/wp\/v2\/posts\/99568\/revisions"}],"predecessor-version":[{"id":99570,"href":"https:\/\/www.evafm.net\/sitio\/wp-json\/wp\/v2\/posts\/99568\/revisions\/99570"}],"wp:featuredmedia":[{"embeddable":true,"href":"https:\/\/www.evafm.net\/sitio\/wp-json\/wp\/v2\/media\/99569"}],"wp:attachment":[{"href":"https:\/\/www.evafm.net\/sitio\/wp-json\/wp\/v2\/media?parent=99568"}],"wp:term":[{"taxonomy":"category","embeddable":true,"href":"https:\/\/www.evafm.net\/sitio\/wp-json\/wp\/v2\/categories?post=99568"},{"taxonomy":"post_tag","embeddable":true,"href":"https:\/\/www.evafm.net\/sitio\/wp-json\/wp\/v2\/tags?post=99568"}],"curies":[{"name":"wp","href":"https:\/\/api.w.org\/{rel}","templated":true}]}}