{"id":99571,"date":"2026-02-26T11:56:50","date_gmt":"2026-02-26T16:56:50","guid":{"rendered":"https:\/\/www.evafm.net\/sitio\/?p=99571"},"modified":"2026-02-26T11:56:50","modified_gmt":"2026-02-26T16:56:50","slug":"independiente-del-valle-anuncia-que-hay-un-principio-de-acuerdo-con-sevilla-por-el-fichaje-de-patrik-mercado","status":"publish","type":"post","link":"https:\/\/www.evafm.net\/sitio\/independiente-del-valle-anuncia-que-hay-un-principio-de-acuerdo-con-sevilla-por-el-fichaje-de-patrik-mercado\/","title":{"rendered":"Independiente del Valle anuncia que hay un principio de acuerdo con Sevilla por el fichaje de Patrik Mercado"},"content":{"rendered":"<p><strong>Lo que era un secreto a voces se hizo oficial.\u00a0<\/strong><a href=\"https:\/\/www.ecuavisa.com\/deportes\/ind-del-valle\" target=\"_blank\" rel=\"noopener\">Independiente del Valle<\/a>, por medio de un comunicado, anunci\u00f3 que alcanz\u00f3 un principio de acuerdo con el<strong>\u00a0Sevilla FC de Espa\u00f1a\u00a0<\/strong>para el fichaje del ecuatoriano\u00a0<a href=\"https:\/\/www.ecuavisa.com\/tema\/patrik-mercado-t130386\" target=\"_blank\" rel=\"noopener\">Patrik Mercado<\/a>, quien fue elegido el mejor jugador de la LigaPro 2025.<\/p>\n<p>\u201cIndependiente del Valle y Sevilla FC han alcanzado un\u00a0<strong>principio de acuerdo<\/strong>\u00a0para la compra de los\u00a0<strong>derechos federativos del jugador Patrick Mercado<\/strong>\u00a0(Tena, Ecuador; 22 a\u00f1os)\u201d, inicia el comunicado.<\/p>\n<p>\u201cEl centrocampista internacional ecuatoriano no pasar\u00e1 a formar parte de la disciplina del Sevilla FC\u00a0<strong>hasta que se concrete su traspaso,<\/strong>\u00a0en el mercado de verano<strong> 2026\/27\u201d<\/strong>, agrega el escrito oficial.<\/p>\n<p>Durante la temporada 2025,\u00a0<strong>Mercado registr\u00f3 siete goles y once asistencias<\/strong>, convirti\u00e9ndose en un baluarte fundamental en la conquista del t\u00edtulo de LigaPro lograda por Independiente del Valle ese a\u00f1o.<\/p>\n<p>El\u00a0<strong>Sevilla pagar\u00e1 USD 7 millones por el volante ecuatoriano<\/strong>, un futbolista de grandes condiciones: veloz, desequilibrante en el uno contra uno y con un potente remate de media y larga distancia.<\/p>\n<p>Para concretar la incorporaci\u00f3n de Mercado,\u00a0<strong>el club espa\u00f1ol deber\u00e1 liberar una de las tres plazas de extracomunitarios<\/strong> que actualmente tiene ocupadas.<strong>(D)<\/strong><\/p>\n<div class=\"css-1dbjc4n r-18u37iz r-1t982j2\">\n<div class=\"css-1dbjc4n r-eqz5dr r-1777fci r-4amgru r-1kh6xel\">\n<div class=\"css-1dbjc4n r-1ny4l3l\">\n<div class=\"css-1dbjc4n r-1wbh5a2 r-dnmrzs r-1ny4l3l\">\n<div class=\"css-1dbjc4n r-1wbh5a2 r-dnmrzs r-1ny4l3l\">\n<div class=\"css-1dbjc4n r-1awozwy r-18u37iz r-dnmrzs\">\n<div class=\"css-901oao r-1awozwy r-18jsvk2 r-6koalj r-1qd0xha r-1b43r93 r-b88u0q r-hjklzo r-bcqeeo r-1udh08x r-3s2u2q r-qvutc0\" dir=\"auto\"><strong><span class=\"css-901oao css-16my406 css-1hf3ou5 r-poiln3 r-bcqeeo r-qvutc0\"><span class=\"css-901oao css-16my406 r-poiln3 r-bcqeeo r-qvutc0\">Independiente del Valle<\/span><\/span><\/strong><\/div>\n<div class=\"css-901oao r-18jsvk2 r-xoduu5 r-18u37iz r-1q142lx r-1qd0xha r-1b43r93 r-16dba41 r-hjklzo r-bcqeeo r-qvutc0\" dir=\"auto\"><\/div>\n<\/div>\n<div class=\"css-1dbjc4n r-1awozwy r-18u37iz r-1wbh5a2\">\n<div class=\"css-1dbjc4n\">\n<div class=\"css-901oao css-1hf3ou5 r-14j79pv r-18u37iz r-1qd0xha r-1wvb978 r-1b43r93 r-16dba41 r-hjklzo r-bcqeeo r-qvutc0\" dir=\"ltr\"><strong><span class=\"css-901oao css-16my406 r-poiln3 r-bcqeeo r-qvutc0\">@IDV_EC<\/span><\/strong><\/div>\n<\/div>\n<div class=\"css-1dbjc4n r-18u37iz r-1q142lx\">\n<div class=\"css-901oao r-14j79pv r-1q142lx r-1qd0xha r-1b43r93 r-16dba41 r-hjklzo r-bcqeeo r-s1qlax r-qvutc0\" dir=\"auto\" aria-hidden=\"true\"><strong><span class=\"css-901oao css-16my406 r-poiln3 r-bcqeeo r-qvutc0\">\u00b7<\/span><\/strong><\/div>\n<p><strong><a class=\"css-4rbku5 css-18t94o4 css-901oao r-1loqt21 r-1qd0xha r-1b43r93 r-b88u0q r-hjklzo r-bcqeeo r-qvutc0\" dir=\"auto\" role=\"link\" href=\"https:\/\/twitter.com\/intent\/follow?ref_src=twsrc%5Etfw%7Ctwcamp%5Etweetembed%7Ctwterm%5E2026977037232033948%7Ctwgr%5E1d718b8547e4670b01fd14907c6c46d5e5eaa804%7Ctwcon%5Es1_&amp;ref_url=https%3A%2F%2Fwww.ecuavisa.com%2Ffutbol-internacional%2Fidv-sevilla-principio-acuerdo-fichaje-patrik-mercado-20260226-0020.html&amp;screen_name=IDV_EC\" target=\"_blank\" rel=\"noopener noreferrer nofollow\"><span class=\"css-901oao css-16my406 r-poiln3 r-bcqeeo r-qvutc0\">Seguir<\/span><\/a><\/strong><\/div>\n<\/div>\n<\/div>\n<\/div>\n<\/div>\n<\/div>\n<\/div>\n<div class=\"css-1dbjc4n\">\n<div class=\"css-901oao r-18jsvk2 r-1dqbpge r-1qd0xha r-1b6yd1w r-16dba41 r-7ptqe7 r-bcqeeo r-bnwqim r-qvutc0\" dir=\"auto\" lang=\"es\" data-testid=\"tweetText\"><strong><span class=\"css-901oao css-16my406 r-poiln3 r-bcqeeo r-qvutc0\"> Comunicado Oficial <\/span><span class=\"r-18u37iz\"><a class=\"css-4rbku5 css-18t94o4 css-901oao css-16my406 r-1loqt21 r-poiln3 r-bcqeeo r-qvutc0\" dir=\"ltr\" role=\"link\" href=\"https:\/\/twitter.com\/hashtag\/IDV?ref_src=twsrc%5Etfw%7Ctwcamp%5Etweetembed%7Ctwterm%5E2026977037232033948%7Ctwgr%5E1d718b8547e4670b01fd14907c6c46d5e5eaa804%7Ctwcon%5Es1_&amp;ref_url=https%3A%2F%2Fwww.ecuavisa.com%2Ffutbol-internacional%2Fidv-sevilla-principio-acuerdo-fichaje-patrik-mercado-20260226-0020.html&amp;src=hashtag_click\" target=\"_blank\" rel=\"noopener noreferrer nofollow\">#IDV<\/a><\/span><span class=\"css-901oao css-16my406 r-poiln3 r-bcqeeo r-qvutc0\"> | <\/span><span class=\"css-901oao css-16my406 r-poiln3 r-bcqeeo r-qvutc0\"> Principio de acuerdo con <\/span><span class=\"r-18u37iz\"><a class=\"css-4rbku5 css-18t94o4 css-901oao css-16my406 r-1loqt21 r-poiln3 r-bcqeeo r-qvutc0\" dir=\"ltr\" role=\"link\" href=\"https:\/\/twitter.com\/SevillaFC?ref_src=twsrc%5Etfw%7Ctwcamp%5Etweetembed%7Ctwterm%5E2026977037232033948%7Ctwgr%5E1d718b8547e4670b01fd14907c6c46d5e5eaa804%7Ctwcon%5Es1_&amp;ref_url=https%3A%2F%2Fwww.ecuavisa.com%2Ffutbol-internacional%2Fidv-sevilla-principio-acuerdo-fichaje-patrik-mercado-20260226-0020.html\" target=\"_blank\" rel=\"noopener noreferrer nofollow\">@SevillaFC<\/a><\/span> <\/strong><\/div>\n<div class=\"css-901oao r-18jsvk2 r-1dqbpge r-1qd0xha r-1b6yd1w r-16dba41 r-7ptqe7 r-bcqeeo r-bnwqim r-qvutc0\" dir=\"auto\" lang=\"es\" data-testid=\"tweetText\"><strong><span class=\"css-901oao css-16my406 r-poiln3 r-bcqeeo r-qvutc0\">para la compra de Patrik Mercado. <\/span><span class=\"r-18u37iz\"><a class=\"css-4rbku5 css-18t94o4 css-901oao css-16my406 r-1loqt21 r-poiln3 r-bcqeeo r-qvutc0\" dir=\"ltr\" role=\"link\" href=\"https:\/\/twitter.com\/hashtag\/SomosIDV?ref_src=twsrc%5Etfw%7Ctwcamp%5Etweetembed%7Ctwterm%5E2026977037232033948%7Ctwgr%5E1d718b8547e4670b01fd14907c6c46d5e5eaa804%7Ctwcon%5Es1_&amp;ref_url=https%3A%2F%2Fwww.ecuavisa.com%2Ffutbol-internacional%2Fidv-sevilla-principio-acuerdo-fichaje-patrik-mercado-20260226-0020.html&amp;src=hashtag_click\" target=\"_blank\" rel=\"noopener noreferrer nofollow\">#SomosIDV<\/a><\/span> <span class=\"r-18u37iz\"><a class=\"css-4rbku5 css-18t94o4 css-901oao css-16my406 r-1loqt21 r-poiln3 r-bcqeeo r-qvutc0\" dir=\"ltr\" role=\"link\" href=\"https:\/\/twitter.com\/hashtag\/SomoselValle?ref_src=twsrc%5Etfw%7Ctwcamp%5Etweetembed%7Ctwterm%5E2026977037232033948%7Ctwgr%5E1d718b8547e4670b01fd14907c6c46d5e5eaa804%7Ctwcon%5Es1_&amp;ref_url=https%3A%2F%2Fwww.ecuavisa.com%2Ffutbol-internacional%2Fidv-sevilla-principio-acuerdo-fichaje-patrik-mercado-20260226-0020.html&amp;src=hashtag_click\" target=\"_blank\" rel=\"noopener noreferrer nofollow\">#SomoselValle<\/a><\/span> <span class=\"r-18u37iz\"><a class=\"css-4rbku5 css-18t94o4 css-901oao css-16my406 r-1loqt21 r-poiln3 r-bcqeeo r-qvutc0\" dir=\"ltr\" role=\"link\" href=\"https:\/\/twitter.com\/hashtag\/UnClubDiferente?ref_src=twsrc%5Etfw%7Ctwcamp%5Etweetembed%7Ctwterm%5E2026977037232033948%7Ctwgr%5E1d718b8547e4670b01fd14907c6c46d5e5eaa804%7Ctwcon%5Es1_&amp;ref_url=https%3A%2F%2Fwww.ecuavisa.com%2Ffutbol-internacional%2Fidv-sevilla-principio-acuerdo-fichaje-patrik-mercado-20260226-0020.html&amp;src=hashtag_click\" target=\"_blank\" rel=\"noopener noreferrer nofollow\">#UnClubDiferente<\/a><\/span><\/strong><\/div>\n<\/div>\n<p><img fetchpriority=\"high\" decoding=\"async\" class=\"\" src=\"https:\/\/pbs.twimg.com\/media\/HCFEArbXkAAHEyc?format=jpg&amp;name=small\" alt=\"Imagen\" width=\"614\" height=\"768\" \/><\/p>\n<p><strong>Fuente:<\/strong> evafm.net &#8211; ecuavisa.com<\/p>\n<div class=\"gsp_post_data\" \r\n\t            data-post_type=\"post\" \r\n\t            data-cat=\"deportes-internacionales\" \r\n\t            data-modified=\"120\"\r\n\t            data-created=\"1772107010\"\r\n\t            data-title=\"Independiente del Valle anuncia que hay un principio de acuerdo con Sevilla por el fichaje de Patrik Mercado\" \r\n\t            data-home=\"https:\/\/www.evafm.net\/sitio\"><\/div>","protected":false},"excerpt":{"rendered":"<p>Lo que era un secreto a voces se hizo oficial.\u00a0Independiente del Valle, por medio de un comunicado, anunci\u00f3 que alcanz\u00f3 un principio de acuerdo con el\u00a0Sevilla FC de Espa\u00f1a\u00a0para el fichaje del ecuatoriano\u00a0Patrik Mercado, quien fue elegido el mejor jugador de la LigaPro 2025. \u201cIndependiente del Valle y Sevilla FC han alcanzado un\u00a0principio de acuerdo\u00a0para&#8230;<\/p>\n","protected":false},"author":5,"featured_media":99572,"comment_status":"closed","ping_status":"open","sticky":false,"template":"","format":"standard","meta":{"_joinchat":[],"footnotes":""},"categories":[1342],"tags":[],"class_list":["post-99571","post","type-post","status-publish","format-standard","has-post-thumbnail","hentry","category-deportes-internacionales","have-post-thumb"],"_links":{"self":[{"href":"https:\/\/www.evafm.net\/sitio\/wp-json\/wp\/v2\/posts\/99571","targetHints":{"allow":["GET"]}}],"collection":[{"href":"https:\/\/www.evafm.net\/sitio\/wp-json\/wp\/v2\/posts"}],"about":[{"href":"https:\/\/www.evafm.net\/sitio\/wp-json\/wp\/v2\/types\/post"}],"author":[{"embeddable":true,"href":"https:\/\/www.evafm.net\/sitio\/wp-json\/wp\/v2\/users\/5"}],"replies":[{"embeddable":true,"href":"https:\/\/www.evafm.net\/sitio\/wp-json\/wp\/v2\/comments?post=99571"}],"version-history":[{"count":1,"href":"https:\/\/www.evafm.net\/sitio\/wp-json\/wp\/v2\/posts\/99571\/revisions"}],"predecessor-version":[{"id":99573,"href":"https:\/\/www.evafm.net\/sitio\/wp-json\/wp\/v2\/posts\/99571\/revisions\/99573"}],"wp:featuredmedia":[{"embeddable":true,"href":"https:\/\/www.evafm.net\/sitio\/wp-json\/wp\/v2\/media\/99572"}],"wp:attachment":[{"href":"https:\/\/www.evafm.net\/sitio\/wp-json\/wp\/v2\/media?parent=99571"}],"wp:term":[{"taxonomy":"category","embeddable":true,"href":"https:\/\/www.evafm.net\/sitio\/wp-json\/wp\/v2\/categories?post=99571"},{"taxonomy":"post_tag","embeddable":true,"href":"https:\/\/www.evafm.net\/sitio\/wp-json\/wp\/v2\/tags?post=99571"}],"curies":[{"name":"wp","href":"https:\/\/api.w.org\/{rel}","templated":true}]}}