{"id":99575,"date":"2026-02-26T12:14:09","date_gmt":"2026-02-26T17:14:09","guid":{"rendered":"https:\/\/www.evafm.net\/sitio\/?p=99575"},"modified":"2026-02-26T12:14:09","modified_gmt":"2026-02-26T17:14:09","slug":"congreso-ordinaria-de-la-fef-2026","status":"publish","type":"post","link":"https:\/\/www.evafm.net\/sitio\/congreso-ordinaria-de-la-fef-2026\/","title":{"rendered":"Congreso Ordinaria de la FEF 2026"},"content":{"rendered":"<p>Este<strong> jueves 26 de febrero s<\/strong>e llevar\u00e1 a cabo el\u00a0<strong><a href=\"https:\/\/www.ecuavisa.com\/tema\/federacion-ecuatoriana-de-futbol--fef-t110416\" target=\"_blank\" rel=\"noopener\">Congreso Ordinario de la Federaci\u00f3n Ecuatoriana de F\u00fatbol (FEF)<\/a>,<\/strong> en el que se\u00a0<strong>tratar\u00e1n varios temas clave para el f\u00fatbol naciona<\/strong>l.<\/p>\n<p>El punto m\u00e1s relevante del orden del d\u00eda ser\u00e1 la votaci\u00f3n del pedido de la\u00a0<strong>Asociaci\u00f3n de F\u00fatbol No Amateur de Pichincha (AFNA)<\/strong>, que\u00a0<strong>propone reducir de 16 a 12 el n\u00famero<\/strong><\/p>\n<p><strong> de equipos en la LigaPro<\/strong>\u00a0a partir de la temporada 2026.<\/p>\n<p><strong>Est\u00e1 previsto que el Congreso Ordinario inicie a las 10:00 en la sede de la Federaci\u00f3n Ecuatoriana de F\u00fatbol,<\/strong> ubicada en Urdesa, Guayaquil. <strong>(D)<\/strong><\/p>\n<p>&nbsp;<\/p>\n<p class=\"styles_contentTitle__LstVC\"><strong>1. Seis ausentes<\/strong><\/p>\n<div class=\"contentTextList styles_contentTextList__TT__a\">\n<p>Los representantes de las Asociaci\u00f3n de Guayas, 9 de Octubre, Club Atl\u00e9tico Rojo y Blanco, Guayaquil City, Cuenca Juniors y Liga de Portoviejo no asistieron al Congreso Ordinarios<\/p>\n<p>de la FEF.<\/p>\n<p><strong>2. Siga el en vivo del Congreso Ordienario de la FEF aqu\u00ed.<\/strong><\/p>\n<p><strong>3. Directivos confirman su prensencia.<\/strong><\/p>\n<p class=\"styles_contentTitle__LstVC\"><strong>4. Inicia el Congreso Ordinario de la FEF<\/strong><\/p>\n<div class=\"contentTextList styles_contentTextList__TT__a\">\n<p>El presidente de la Federaci\u00f3n Ecuatoriana de F\u00fatbol (FEF), Francisco Egas, dio la bienvenida al Congreso Ordinario de la FEF.<\/p>\n<p class=\"styles_contentTitle__LstVC\"><strong>5. Orden del d\u00eda<\/strong><\/p>\n<div class=\"contentTextList styles_contentTextList__TT__a\">\n<p>a) Declaraci\u00f3n de que el Congreso ha sido convocado, ha sido compuesto de conformidad con el Estatuto de la FEF, y constataci\u00f3n del quorum;<br \/>\nb) Aprobaci\u00f3n del orden del d\u00eda;<br \/>\nc) Alocuci\u00f3n del presidente;<br \/>\nd) Nombramiento de tres miembros encargados de verificar el acta;<br \/>\ne) Aprobaci\u00f3n del acta del Congreso precedente;<br \/>\nf) Informe de actividades (con las actividades desde el Congreso anterior);<br \/>\ng) Presentaci\u00f3n del balance consolidado y revisado, de la cuenta de p\u00e9rdidas y ganancias, junto con estados financieros;<br \/>\nh) Conocimiento de las cuentas financieras anuales;<br \/>\ni) Aprobaci\u00f3n del presupuesto;<br \/>\nj) Votaci\u00f3n de las propuestas de enmienda, expedici\u00f3n o reforma de las normas referidas en el art\u00edculo 36 del Estatuto de la FEF;<br \/>\nk) Debate de las propuestas presentadas por los miembros y el Consejo conforme al procedimiento estipulado en el art\u00edculo 30, p\u00e1rrafo 3 del Estatuto de la FEF;<br \/>\nl) Nombramiento de los auditores independientes y externos, a propuesta del Consejo;<br \/>\nm) Admisi\u00f3n de miembros.<\/p>\n<p>&nbsp;<\/p>\n<\/div>\n<\/div>\n<\/div>\n<p class=\"styles_contentTitle__LstVC\"><strong>6. Llegan los dirigentes del f\u00fatbol ecuatoriano<\/strong><\/p>\n<div class=\"contentTextList styles_contentTextList__TT__a\">\n<p>Los dirigentes de los diferentes equipos del f\u00fatbol ecuatoriano llegan a las instalaciones de la Federaci\u00f3n Ecuatoriana de F\u00fatbol.<\/p>\n<\/div>\n<div class=\"css-1dbjc4n r-18u37iz r-1t982j2\">\n<div class=\"css-1dbjc4n r-eqz5dr r-1777fci r-4amgru r-1kh6xel\">\n<div class=\"css-1dbjc4n r-1ny4l3l\">\n<div class=\"css-1dbjc4n r-1wbh5a2 r-dnmrzs r-1ny4l3l\">\n<div class=\"css-1dbjc4n r-1wbh5a2 r-dnmrzs r-1ny4l3l\">\n<div class=\"css-1dbjc4n r-1awozwy r-18u37iz r-dnmrzs\">\n<div class=\"css-901oao r-1awozwy r-18jsvk2 r-6koalj r-1qd0xha r-1b43r93 r-b88u0q r-hjklzo r-bcqeeo r-1udh08x r-3s2u2q r-qvutc0\" dir=\"auto\"><strong><span class=\"css-901oao css-16my406 css-1hf3ou5 r-poiln3 r-bcqeeo r-qvutc0\"><span class=\"css-901oao css-16my406 r-poiln3 r-bcqeeo r-qvutc0\">FEF\u00a0<\/span><\/span><\/strong><\/div>\n<div class=\"css-901oao r-18jsvk2 r-xoduu5 r-18u37iz r-1q142lx r-1qd0xha r-1b43r93 r-16dba41 r-hjklzo r-bcqeeo r-qvutc0\" dir=\"auto\"><\/div>\n<\/div>\n<div class=\"css-1dbjc4n r-1awozwy r-18u37iz r-1wbh5a2\">\n<div class=\"css-1dbjc4n\">\n<div class=\"css-901oao css-1hf3ou5 r-14j79pv r-18u37iz r-1qd0xha r-1wvb978 r-1b43r93 r-16dba41 r-hjklzo r-bcqeeo r-qvutc0\" dir=\"ltr\"><strong><span class=\"css-901oao css-16my406 r-poiln3 r-bcqeeo r-qvutc0\">@FEFecuador<\/span><\/strong><\/div>\n<\/div>\n<div class=\"css-1dbjc4n r-18u37iz r-1q142lx\">\n<div class=\"css-901oao r-14j79pv r-1q142lx r-1qd0xha r-1b43r93 r-16dba41 r-hjklzo r-bcqeeo r-s1qlax r-qvutc0\" dir=\"auto\" aria-hidden=\"true\"><span class=\"css-901oao css-16my406 r-poiln3 r-bcqeeo r-qvutc0\">\u00b7<\/span><\/div>\n<\/div>\n<\/div>\n<\/div>\n<\/div>\n<\/div>\n<\/div>\n<\/div>\n<div class=\"css-1dbjc4n\">\n<div class=\"css-901oao r-18jsvk2 r-1dqbpge r-1qd0xha r-1b6yd1w r-16dba41 r-7ptqe7 r-bcqeeo r-bnwqim r-qvutc0\" dir=\"auto\" lang=\"es\" data-testid=\"tweetText\"><span class=\"css-901oao css-16my406 r-poiln3 r-bcqeeo r-qvutc0\"> Sigue la transmisi\u00f3n en vivo del Congreso Ordinario 2026:<\/span><\/div>\n<div class=\"css-901oao r-18jsvk2 r-1dqbpge r-1qd0xha r-1b6yd1w r-16dba41 r-7ptqe7 r-bcqeeo r-bnwqim r-qvutc0\" dir=\"auto\" lang=\"es\" data-testid=\"tweetText\"><a class=\"css-4rbku5 css-18t94o4 css-901oao css-16my406 r-1loqt21 r-poiln3 r-bcqeeo r-qvutc0\" dir=\"ltr\" role=\"link\" href=\"https:\/\/t.co\/DfZh478Zjk\" target=\"_blank\" rel=\"noopener noreferrer nofollow\"><span class=\"css-901oao css-16my406 r-poiln3 r-hiw28u r-qvk6io r-bcqeeo r-qvutc0\" aria-hidden=\"true\">https:\/\/<\/span>youtube.com\/live\/JAjX6EM_3<span class=\"css-901oao css-16my406 r-poiln3 r-hiw28u r-qvk6io r-bcqeeo r-qvutc0\" aria-hidden=\"true\">AQ?feature=share<\/span><\/a><\/div>\n<div class=\"css-901oao r-18jsvk2 r-1dqbpge r-1qd0xha r-1b6yd1w r-16dba41 r-7ptqe7 r-bcqeeo r-bnwqim r-qvutc0\" dir=\"auto\" lang=\"es\" data-testid=\"tweetText\"><span class=\"r-18u37iz\"><a class=\"css-4rbku5 css-18t94o4 css-901oao css-16my406 r-1loqt21 r-poiln3 r-bcqeeo r-qvutc0\" dir=\"ltr\" role=\"link\" href=\"https:\/\/twitter.com\/hashtag\/LegadoOrdenFuturo?ref_src=twsrc%5Etfw%7Ctwcamp%5Etweetembed%7Ctwterm%5E2027037768421986591%7Ctwgr%5E10c05a614b0b3fdb9fa10326fd399dcc54f8c102%7Ctwcon%5Es1_&amp;ref_url=https%3A%2F%2Fwww.ecuavisa.com%2Fliveblogs%2Fcongreso-federacion-ecuatoriana-futbol-2026-fef-dirigentes-francisco-egas-lb202602260002.html&amp;src=hashtag_click\" target=\"_blank\" rel=\"noopener noreferrer nofollow\">#LegadoOrdenFuturo<\/a><\/span><\/div>\n<\/div>\n<p><img decoding=\"async\" src=\"https:\/\/pbs.twimg.com\/media\/HCF8G1FWUAAFneS?format=jpg&amp;name=small\" alt=\"Imagen\" \/><\/p>\n<p>&nbsp;<\/p>\n<p><iframe title=\"Congreso Ordinario 2026 | Federaci\u00f3n Ecuatoriana de F\u00fatbol\" width=\"1200\" height=\"675\" src=\"https:\/\/www.youtube.com\/embed\/JAjX6EM_3AQ?feature=oembed\" frameborder=\"0\" allow=\"accelerometer; autoplay; clipboard-write; encrypted-media; gyroscope; picture-in-picture; web-share\" referrerpolicy=\"strict-origin-when-cross-origin\" allowfullscreen><\/iframe><\/p>\n<p><strong>Fuente:<\/strong> evafm.net &#8211; ecuavisa.com<\/p>\n<div class=\"gsp_post_data\" \r\n\t            data-post_type=\"post\" \r\n\t            data-cat=\"deportes-ecuador\" \r\n\t            data-modified=\"120\"\r\n\t            data-created=\"1772108049\"\r\n\t            data-title=\"Congreso Ordinaria de la FEF 2026\" \r\n\t            data-home=\"https:\/\/www.evafm.net\/sitio\"><\/div>","protected":false},"excerpt":{"rendered":"<p>Este jueves 26 de febrero se llevar\u00e1 a cabo el\u00a0Congreso Ordinario de la Federaci\u00f3n Ecuatoriana de F\u00fatbol (FEF), en el que se\u00a0tratar\u00e1n varios temas clave para el f\u00fatbol nacional. El punto m\u00e1s relevante del orden del d\u00eda ser\u00e1 la votaci\u00f3n del pedido de la\u00a0Asociaci\u00f3n de F\u00fatbol No Amateur de Pichincha (AFNA), que\u00a0propone reducir de 16&#8230;<\/p>\n","protected":false},"author":5,"featured_media":99576,"comment_status":"closed","ping_status":"open","sticky":false,"template":"","format":"standard","meta":{"_joinchat":[],"footnotes":""},"categories":[1557],"tags":[],"class_list":["post-99575","post","type-post","status-publish","format-standard","has-post-thumbnail","hentry","category-deportes-ecuador","have-post-thumb"],"_links":{"self":[{"href":"https:\/\/www.evafm.net\/sitio\/wp-json\/wp\/v2\/posts\/99575","targetHints":{"allow":["GET"]}}],"collection":[{"href":"https:\/\/www.evafm.net\/sitio\/wp-json\/wp\/v2\/posts"}],"about":[{"href":"https:\/\/www.evafm.net\/sitio\/wp-json\/wp\/v2\/types\/post"}],"author":[{"embeddable":true,"href":"https:\/\/www.evafm.net\/sitio\/wp-json\/wp\/v2\/users\/5"}],"replies":[{"embeddable":true,"href":"https:\/\/www.evafm.net\/sitio\/wp-json\/wp\/v2\/comments?post=99575"}],"version-history":[{"count":1,"href":"https:\/\/www.evafm.net\/sitio\/wp-json\/wp\/v2\/posts\/99575\/revisions"}],"predecessor-version":[{"id":99577,"href":"https:\/\/www.evafm.net\/sitio\/wp-json\/wp\/v2\/posts\/99575\/revisions\/99577"}],"wp:featuredmedia":[{"embeddable":true,"href":"https:\/\/www.evafm.net\/sitio\/wp-json\/wp\/v2\/media\/99576"}],"wp:attachment":[{"href":"https:\/\/www.evafm.net\/sitio\/wp-json\/wp\/v2\/media?parent=99575"}],"wp:term":[{"taxonomy":"category","embeddable":true,"href":"https:\/\/www.evafm.net\/sitio\/wp-json\/wp\/v2\/categories?post=99575"},{"taxonomy":"post_tag","embeddable":true,"href":"https:\/\/www.evafm.net\/sitio\/wp-json\/wp\/v2\/tags?post=99575"}],"curies":[{"name":"wp","href":"https:\/\/api.w.org\/{rel}","templated":true}]}}