{"id":99579,"date":"2026-02-26T12:25:39","date_gmt":"2026-02-26T17:25:39","guid":{"rendered":"https:\/\/www.evafm.net\/sitio\/?p=99579"},"modified":"2026-02-26T12:25:39","modified_gmt":"2026-02-26T17:25:39","slug":"la-nueva-camiseta-de-la-seleccion-de-ecuador-para-el-mundial","status":"publish","type":"post","link":"https:\/\/www.evafm.net\/sitio\/la-nueva-camiseta-de-la-seleccion-de-ecuador-para-el-mundial\/","title":{"rendered":"La nueva camiseta de la Selecci\u00f3n de Ecuador para el Mundial"},"content":{"rendered":"<div id=\"element-body-0\" class=\"sc-136cd478-0 ekTCfV\">\n<p>Lo \u00fanico que faltaba para que la Selecci\u00f3n de Ecuador tenga todo listo de cara al Mundial 2026 a disputarse en Estados Unidos, M\u00e9xico y Canad\u00e1.<\/p>\n<p><strong>En el marco de una presentaci\u00f3n a la altura, con la participaci\u00f3n de sus mayores figuras,\u00a0<a class=\"slug\" title=\"La Tri\" href=\"https:\/\/www.ole.com.ar\/tema\/la-tri.html\">La Tri<\/a>\u00a0dio a conocer la camiseta que utilizar\u00e1 este a\u00f1o en la Copa del Mundo.<\/strong><\/p>\n<\/div>\n<div id=\"element-body-1\" class=\"sc-136cd478-0 ekTCfV\">\n<p><strong>La nueva piel del Equipo de Todos para este 2026 lleno de ilusi\u00f3n fue anunciada en el Hotel del Parque (Samborond\u00f3n)<\/strong>, en un evento que fue transmitido mediante el canal<\/p>\n<p>de YouTube de Marathon, la marca deportiva que viste a la selecci\u00f3n<\/p>\n<p>.<\/p>\n<div id=\"element-body-3\" class=\"sc-136cd478-0 ekTCfV\">\n<p>All\u00ed,uno de los protagonistas del evento fue ni m\u00e1s ni menos que\u00a0<a class=\"slug\" title=\"Francisco Egas\" href=\"https:\/\/www.ole.com.ar\/tema\/francisco-egas.html\">Francisco Egas<\/a>, presidente de la FEF, quien fue uno de los primeros en tomar la palabra y dijo:<\/p>\n<p><strong>\u00abHoy subimos un pelda\u00f1o m\u00e1s en el sue\u00f1o, hoy nos vestimos para animarnos a so\u00f1ar, nos ponemos de gala todos juntos y ya estamos en modo Mundial\u00bb.<\/strong><\/p>\n<\/div>\n<div class=\"sc-b844ab6b-10 kocDXJ\">\n<div id=\"div-gpt-ad-inread\" class=\"lazyBanner\" data-google-query-id=\"CMW2-L_U95IDFdE00AQdeCwFDA\">\n<div id=\"google_ads_iframe_\/242767168\/ole\/ecuador\/la-tri\/nota\/inread_0__container__\"><\/div>\n<\/div>\n<\/div>\n<div id=\"element-body-4\" class=\"sc-136cd478-0 ekTCfV\">\n<p>Posteriormente,\u00a0<strong>en el acto se dieron a conocer la indumentaria de viaje, la ropa de entrenamiento y las prendas de presentaci\u00f3n, aquellas que se utilizar\u00e1n en conferencias<\/strong><\/p>\n<p><strong> de prensa y distintos actos institucionales de la FEF.<\/strong><\/p>\n<\/div>\n<div id=\"element-body-5\" class=\"sc-136cd478-0 ekTCfV\">\n<p>Finalmente, lleg\u00f3 el plato fuerte y las camisetas se dieron a conocer&#8230; En\u00a0<strong>Ol\u00e9\u00a0<\/strong>te mostramos todos los detalles de la camiseta que tendr\u00e1 un valor inicial de <strong>\uff0479.99<\/strong> y tiene un lema m\u00e1s<\/p>\n<p>que especial en la espalda:\u00a0<strong>\u00abSo\u00f1ar, trascender, hacer historia\u00bb.<\/strong><\/p>\n<p><strong>La nueva camiseta titular de Ecuador.<\/strong><\/p>\n<p>Con un amarillo fuerte, detalles en color azul y un cuello en V fue la que m\u00e1s se hizo esperar. Por debajo de las mangas y en toda la zona de las costillas tiene una zona distintiva con lo<\/p>\n<p>s colores representativos del pa\u00eds.<strong>(D)<\/strong><\/p>\n<\/div>\n<\/div>\n<div class=\"css-175oi2r r-zl2h9q\">\n<div class=\"css-175oi2r r-k4xj1c r-18u37iz r-1wtj0ep\">\n<div class=\"css-175oi2r r-1d09ksm r-18u37iz r-1wbh5a2\">\n<div class=\"css-175oi2r r-1wbh5a2 r-dnmrzs r-1ny4l3l\">\n<div id=\"id__nv9srehdig8\" class=\"css-175oi2r r-1wbh5a2 r-dnmrzs r-1ny4l3l r-1awozwy r-18u37iz\" data-testid=\"User-Name\">\n<div class=\"css-175oi2r r-1awozwy r-18u37iz r-1wbh5a2 r-dnmrzs\">\n<div class=\"css-175oi2r r-1wbh5a2 r-dnmrzs\">\n<div class=\"css-175oi2r r-1awozwy r-18u37iz r-1wbh5a2 r-dnmrzs\">\n<div class=\"css-146c3p1 r-bcqeeo r-1ttztb7 r-qvutc0 r-37j5jr r-a023e6 r-rjixqe r-b88u0q r-1awozwy r-6koalj r-1udh08x r-3s2u2q\" dir=\"ltr\"><strong><span class=\"css-1jxf684 r-dnmrzs r-1udh08x r-1udbk01 r-3s2u2q r-bcqeeo r-1ttztb7 r-qvutc0 r-poiln3\"><span class=\"css-1jxf684 r-bcqeeo r-1ttztb7 r-qvutc0 r-poiln3\">La Tri\u00a0<\/span><\/span><\/strong><\/div>\n<div class=\"css-146c3p1 r-bcqeeo r-1ttztb7 r-qvutc0 r-37j5jr r-a023e6 r-rjixqe r-16dba41 r-xoduu5 r-18u37iz r-1q142lx\" dir=\"ltr\"><\/div>\n<\/div>\n<\/div>\n<\/div>\n<div class=\"css-175oi2r r-18u37iz r-1wbh5a2 r-1ez5h0i\">\n<div class=\"css-175oi2r r-1d09ksm r-18u37iz r-1wbh5a2\">\n<div class=\"css-175oi2r r-1wbh5a2 r-dnmrzs\">\n<div class=\"css-146c3p1 r-dnmrzs r-1udh08x r-1udbk01 r-3s2u2q r-bcqeeo r-1ttztb7 r-qvutc0 r-37j5jr r-a023e6 r-rjixqe r-16dba41 r-18u37iz r-1wvb978\" dir=\"ltr\"><strong><span class=\"css-1jxf684 r-bcqeeo r-1ttztb7 r-qvutc0 r-poiln3\">@LaTri<\/span><\/strong><\/div>\n<\/div>\n<div class=\"css-146c3p1 r-bcqeeo r-1ttztb7 r-qvutc0 r-37j5jr r-a023e6 r-rjixqe r-16dba41 r-1q142lx r-n7gxbd\" dir=\"ltr\" aria-hidden=\"true\"><span class=\"css-1jxf684 r-bcqeeo r-1ttztb7 r-qvutc0 r-poiln3\">\u00b7<\/span><strong>Perfecta<\/strong><\/div>\n<\/div>\n<\/div>\n<\/div>\n<\/div>\n<\/div>\n<\/div>\n<\/div>\n<p><img decoding=\"async\" src=\"https:\/\/pbs.twimg.com\/media\/HCDvOedXwAAA7wW?format=jpg&amp;name=small\" alt=\"Imagen\" \/><\/p>\n<div id=\"element-body-1\" class=\"sc-136cd478-0 ekTCfV\">\n<div id=\"element-body-5\" class=\"sc-136cd478-0 ekTCfV\">\n<p><img decoding=\"async\" src=\"https:\/\/www.ole.com.ar\/images\/2026\/02\/25\/1IkLpGJIF_720x0__1.jpg\" alt=\"La nueva piel titular de La Tri.\" \/><\/p>\n<p><strong>La nueva camiseta suplente de Ecuador.<\/strong><\/p>\n<p><img decoding=\"async\" src=\"https:\/\/www.ole.com.ar\/images\/2026\/02\/25\/HCQwZ8YZ3_720x0__1.jpg\" alt=\"La primera alternativa de La Tri.\" \/><\/p>\n<p><strong>Fuente<\/strong>: evafm.net &#8211; ole.com.ar<\/p>\n<\/div>\n<\/div>\n<div class=\"gsp_post_data\" \r\n\t            data-post_type=\"post\" \r\n\t            data-cat=\"deportes-ecuador\" \r\n\t            data-modified=\"120\"\r\n\t            data-created=\"1772108739\"\r\n\t            data-title=\"La nueva camiseta de la Selecci\u00f3n de Ecuador para el Mundial\" \r\n\t            data-home=\"https:\/\/www.evafm.net\/sitio\"><\/div>","protected":false},"excerpt":{"rendered":"<p>Lo \u00fanico que faltaba para que la Selecci\u00f3n de Ecuador tenga todo listo de cara al Mundial 2026 a disputarse en Estados Unidos, M\u00e9xico y Canad\u00e1. En el marco de una presentaci\u00f3n a la altura, con la participaci\u00f3n de sus mayores figuras,\u00a0La Tri\u00a0dio a conocer la camiseta que utilizar\u00e1 este a\u00f1o en la Copa del&#8230;<\/p>\n","protected":false},"author":5,"featured_media":99580,"comment_status":"closed","ping_status":"open","sticky":false,"template":"","format":"standard","meta":{"_joinchat":[],"footnotes":""},"categories":[1557],"tags":[],"class_list":["post-99579","post","type-post","status-publish","format-standard","has-post-thumbnail","hentry","category-deportes-ecuador","have-post-thumb"],"_links":{"self":[{"href":"https:\/\/www.evafm.net\/sitio\/wp-json\/wp\/v2\/posts\/99579","targetHints":{"allow":["GET"]}}],"collection":[{"href":"https:\/\/www.evafm.net\/sitio\/wp-json\/wp\/v2\/posts"}],"about":[{"href":"https:\/\/www.evafm.net\/sitio\/wp-json\/wp\/v2\/types\/post"}],"author":[{"embeddable":true,"href":"https:\/\/www.evafm.net\/sitio\/wp-json\/wp\/v2\/users\/5"}],"replies":[{"embeddable":true,"href":"https:\/\/www.evafm.net\/sitio\/wp-json\/wp\/v2\/comments?post=99579"}],"version-history":[{"count":1,"href":"https:\/\/www.evafm.net\/sitio\/wp-json\/wp\/v2\/posts\/99579\/revisions"}],"predecessor-version":[{"id":99581,"href":"https:\/\/www.evafm.net\/sitio\/wp-json\/wp\/v2\/posts\/99579\/revisions\/99581"}],"wp:featuredmedia":[{"embeddable":true,"href":"https:\/\/www.evafm.net\/sitio\/wp-json\/wp\/v2\/media\/99580"}],"wp:attachment":[{"href":"https:\/\/www.evafm.net\/sitio\/wp-json\/wp\/v2\/media?parent=99579"}],"wp:term":[{"taxonomy":"category","embeddable":true,"href":"https:\/\/www.evafm.net\/sitio\/wp-json\/wp\/v2\/categories?post=99579"},{"taxonomy":"post_tag","embeddable":true,"href":"https:\/\/www.evafm.net\/sitio\/wp-json\/wp\/v2\/tags?post=99579"}],"curies":[{"name":"wp","href":"https:\/\/api.w.org\/{rel}","templated":true}]}}