{"id":99600,"date":"2026-02-27T17:56:27","date_gmt":"2026-02-27T22:56:27","guid":{"rendered":"https:\/\/www.evafm.net\/sitio\/?p=99600"},"modified":"2026-02-27T17:56:27","modified_gmt":"2026-02-27T22:56:27","slug":"la-decision-que-tomo-la-fef-con-respecto-a-la-reduccion-de-equipos-en-la-ligapro","status":"publish","type":"post","link":"https:\/\/www.evafm.net\/sitio\/la-decision-que-tomo-la-fef-con-respecto-a-la-reduccion-de-equipos-en-la-ligapro\/","title":{"rendered":"La decisi\u00f3n que tom\u00f3 la FEF con respecto a la reducci\u00f3n de equipos en la LigaPro"},"content":{"rendered":"<div id=\"element-body-0\" class=\"sc-136cd478-0 ekTCfV\">\n<p>El cambio de formato en la LigaPro deber\u00e1 seguir esperando, al menos unas semanas.<\/p>\n<p>Es que durante el\u00a0<strong>Congreso Ordinario 2026 de la\u00a0<a class=\"slug\" title=\"Federaci\u00f3n Ecuatoriana F\u00fatbol\" href=\"https:\/\/www.ole.com.ar\/tema\/federacion-ecuatoriana-futbol.html\">Federaci\u00f3n Ecuatoriana de F\u00fatbol<\/a>\u00a0(FEF)<\/strong>, con el presidente\u00a0<strong><a class=\"slug\" title=\"Francisco Egas\" href=\"https:\/\/www.ole.com.ar\/tema\/francisco-egas.html\">Francisco Egas<\/a><\/strong>\u00a0al mando de la sesi\u00f3n en la sede ubicada en Urdesa, Guayaquil, no se lleg\u00f3 a ninguna resoluci\u00f3n con respecto a este tema.<\/p>\n<\/div>\n<div id=\"element-body-1\" class=\"sc-136cd478-0 ekTCfV\">\n<p>La pol\u00e9mica estall\u00f3 en redes sociales cuando, luego de debatir gran parte de la agenda de la jornada y tras un breve receso de mediod\u00eda\u00a0<strong>, la transmisi\u00f3n en directo de la asamblea qued\u00f3 suspendida,\u00a0<\/strong>justo cuando tocaba tratar el t\u00f3pico de la reducci\u00f3n de cuadros.<\/p>\n<\/div>\n<div id=\"element-body-2\" class=\"sc-136cd478-0 ekTCfV\">\n<p>Sin dudas que el punto m\u00e1s relevante del orden del d\u00eda fue la votaci\u00f3n del pedido de la Asociaci\u00f3n de F\u00fatbol No Amateur de Pichincha (AFNA), que propone\u00a0<strong><a title=\"reducir de 16 a 12 el n\u00famero de equipos\" href=\"https:\/\/www.ole.com.ar\/ecuador\/liga-pro\/congreso-ordinario-fef-cambio-formato-serie-12-clubes_0_noTHhFotdP.html\">reducir de 16 a 12 el n\u00famero de equipos<\/a><\/strong>en la\u00a0<a class=\"slug\" title=\"LigaPro\" href=\"https:\/\/www.ole.com.ar\/tema\/ligapro.html\" target=\"_blank\" rel=\"noopener\">LigaPro<\/a>\u00a0para las temporadas que se vienen.<\/p>\n<p>Sin embargo,\u00a0<strong>la definici\u00f3n de esta potencial medida deber\u00e1 seguir esperando, ya que no fue ni aprobada ni rechazada.<\/strong><\/p>\n<\/div>\n<div id=\"element-body-4\" class=\"sc-136cd478-0 ekTCfV\">\n<p>As\u00ed es, si bien se abord\u00f3 el tema que ven\u00eda dando mucho de qu\u00e9 hablar, las autoridades de la FEF decidieron dejar en suspenso la decisi\u00f3n, por lo que\u00a0<strong>se espera que esta cuesti\u00f3n se resuelva en un congreso extraordinario, que se realizar\u00eda a fines de abril.<\/strong><\/p>\n<p>En caso de que la medida avance, la intenci\u00f3n de Egas y compa\u00f1\u00eda ser\u00eda que\u00a0<strong>el cambio en el n\u00famero de equipos comience a regir a partir del 2027.<\/strong><\/p>\n<\/div>\n<div id=\"element-body-5\" class=\"sc-136cd478-0 ekTCfV\">\n<p>As\u00ed lo cont\u00f3 Nicol\u00e1s Solines, secretario de la Federaci\u00f3n Ecuatoriana de F\u00fatbol:<\/p>\n<p>\u00abCon la madurez de los dirigentes,\u00a0<strong>se decidi\u00f3 que esto se tratar\u00e1 en un congreso extraordinario a finales de abril.<\/strong><\/p>\n<p>Veremos que pasa en este tiempo para tomar la decisi\u00f3n correcta.<\/p>\n<p>La propuesta como tal tuvo aceptaci\u00f3n,\u00a0<strong>todos estamos de acuerdo en que el f\u00fatbol necesita un cambio\u00bb.<\/strong><\/p>\n<\/div>\n<p>&nbsp;<\/p>\n<blockquote class=\"twitter-tweet\" data-width=\"550\" data-dnt=\"true\">\n<p lang=\"es\" dir=\"ltr\">\ud83d\udde3\ufe0f\u201cFue una jornada hist\u00f3rica para el f\u00fatbol ecuatoriano\u201d. \ud83c\uddea\ud83c\udde8<\/p>\n<p>Nicol\u00e1s Solines, secretario de la Federaci\u00f3n Ecuatoriana de f\u00fatbol, se refiri\u00f3 a lo que fue el congreso de dirigentes en el puerto principal donde se tocaron puntos muy importantes en beneficio del balompi\u00e9 nacional.\u2026 <a href=\"https:\/\/t.co\/aaJ20iyRd1\">pic.twitter.com\/aaJ20iyRd1<\/a><\/p>\n<p>&mdash; Machdeportes \u2728 Gente Que Sabe De Radio (@MachdeportesFM) <a href=\"https:\/\/twitter.com\/MachdeportesFM\/status\/2027179060183359928?ref_src=twsrc%5Etfw\">February 27, 2026<\/a><\/p><\/blockquote>\n<p><script async src=\"https:\/\/platform.twitter.com\/widgets.js\" charset=\"utf-8\"><\/script><\/p>\n<div id=\"element-body-5\" class=\"sc-136cd478-0 ekTCfV\">\n<p><strong>El detalle del congreso de la FEF.<\/strong><\/p>\n<div id=\"element-body-8\" class=\"sc-136cd478-0 ekTCfV\">\n<p>Tras tomar lista a los presentes, se constata la\u00a0<strong>ausencia de los representantes de: Asociaci\u00f3n de F\u00fatbol de Guayas, Club 9 de Octubre, Club Atl\u00e9tico Rojiblanco, Guayaquil City, Mushuc Runa, Cuenca Juniors, Mushuc Runa y Liga de Portoviejo.<\/strong><\/p>\n<p>A\u00fan as\u00ed, hubo qu\u00f3rum estatutario reglamentario para establecer el Congreso.<\/p>\n<\/div>\n<div id=\"element-body-9\" class=\"sc-136cd478-0 ekTCfV\">\n<p><strong>Se permiti\u00f3 a Barcelona y Deportivo Cuenca<\/strong>, con representante extempor\u00e1neos, a participar del congreso con vos y voto,\u00a0<strong>igual que a Emelec,<\/strong>\u00a0con representante legal y con la presencia de su nuevo presidente, Jos\u00e9 David Jim\u00e9nez.\u00a0<strong>En el congreso hubo 83 votos habilitados\u00a0<\/strong>(50 clubes y 22 asociaciones)\u00a0<strong>y las decisiones se aprobar\u00edan con 42 votos.<\/strong><\/p>\n<p><strong>Orden del d\u00eda.<\/strong><\/p>\n<ul>\n<li>a) Declaraci\u00f3n de que el Congreso ha sido convocado, ha sido compuesto de conformidad con el Estatuto de la FEF, y constataci\u00f3n del quorum;<\/li>\n<li>b) Aprobaci\u00f3n del orden del d\u00eda;<\/li>\n<li>c) Alocuci\u00f3n del presidente;<\/li>\n<li>d) Nombramiento de tres miembros encargados de verificar el acta;<\/li>\n<li>e) Aprobaci\u00f3n del acta del Congreso precedente;<\/li>\n<li>f) Informe de actividades (con las actividades desde el Congreso anterior);<\/li>\n<li>g) Presentaci\u00f3n del balance consolidado y revisado, de la cuenta de p\u00e9rdidas y ganancias, junto con estados financieros;<\/li>\n<li>h) Conocimiento de las cuentas financieras anuales;<\/li>\n<li>i) Aprobaci\u00f3n del presupuesto;<\/li>\n<li>j) Votaci\u00f3n de las propuestas de enmienda, expedici\u00f3n o reforma de las normas referidas en el art\u00edculo 36 del Estatuto de la FEF;<\/li>\n<li>k) Debate de las propuestas presentadas por los miembros y el Consejo conforme al procedimiento estipulado en el art\u00edculo 30, p\u00e1rrafo 3 del Estatuto de la FEF;<\/li>\n<li>l) Nombramiento de los auditores independientes y externos, a propuesta del Consejo;<\/li>\n<li>m) Admisi\u00f3n de miembros.<\/li>\n<\/ul>\n<\/div>\n<p>Ante el reclamo de\u00a0<strong>Darwin N\u00fa\u00f1ez<\/strong>, presidente de Orense, de que\u00a0<strong>no recibieron el pago de transporte de las Formativas<\/strong>\u00a0en todo el 2025, Egas anunci\u00f3 que:<\/p>\n<p>\u00abA partir de este a\u00f1o\u00a0<strong>la FEF costear\u00e1 la alimentaci\u00f3n, transporte y alojamiento de las divisiones inferiores de los clubes que participan en el Campeonato de Categor\u00edas Formativas\u00bb.<\/strong><\/p>\n<\/div>\n<div class=\"css-1dbjc4n r-18u37iz r-kzbkwu\">\n<div class=\"css-1dbjc4n r-1ny4l3l\">\n<div class=\"css-1dbjc4n r-1adg3ll r-bztko3\" data-testid=\"UserAvatar-Container-FEFecuador\">\n<div class=\"r-1p0dtai r-1pi2tsx r-1d2f490 r-u8s1d r-ipm5af r-13qz1uu\">\n<div class=\"css-1dbjc4n r-1adg3ll r-1pi2tsx r-1wyvozj r-bztko3 r-u8s1d r-1v2oles r-desppf r-13qz1uu\">\n<div class=\"r-1p0dtai r-1pi2tsx r-1d2f490 r-u8s1d r-ipm5af r-13qz1uu\">\n<div class=\"css-1dbjc4n r-sdzlij r-ggadg3 r-1udh08x r-u8s1d r-8jfcpp\">\n<div class=\"css-1dbjc4n r-sdzlij r-1wyvozj r-1udh08x r-633pao r-u8s1d r-1v2oles r-desppf\">\n<div class=\"css-1dbjc4n r-14lw9ot r-1pi2tsx r-13qz1uu\"><\/div>\n<\/div>\n<div class=\"css-1dbjc4n r-14lw9ot r-sdzlij r-1wyvozj r-1udh08x r-633pao r-u8s1d r-1v2oles r-desppf\">\n<div class=\"css-1dbjc4n r-1adg3ll r-1udh08x\">\n<div class=\"r-1adg3ll r-13qz1uu\"><\/div>\n<div class=\"r-1p0dtai r-1pi2tsx r-1d2f490 r-u8s1d r-ipm5af r-13qz1uu\">\n<div class=\"css-1dbjc4n r-1p0dtai r-1mlwlqe r-1d2f490 r-1udh08x r-u8s1d r-zchlnj r-ipm5af r-417010\" aria-label=\"\">\n<div class=\"css-1dbjc4n r-1niwhzg r-vvn4in r-u6sd8q r-4gszlv r-1p0dtai r-1pi2tsx r-1d2f490 r-u8s1d r-zchlnj r-ipm5af r-13qz1uu r-1wyyakw\"><\/div>\n<\/div>\n<\/div>\n<\/div>\n<\/div>\n<div class=\"css-1dbjc4n r-sdzlij r-1wyvozj r-1udh08x r-u8s1d r-1v2oles r-desppf\">\n<div class=\"css-1dbjc4n r-12181gd r-1pi2tsx r-1ny4l3l r-o7ynqc r-6416eg r-13qz1uu\"><\/div>\n<\/div>\n<\/div>\n<\/div>\n<\/div>\n<\/div>\n<\/div>\n<\/div>\n<div class=\"css-1dbjc4n r-eqz5dr r-1777fci r-4amgru r-1kh6xel\">\n<div class=\"css-1dbjc4n r-1ny4l3l\">\n<div class=\"css-1dbjc4n r-1wbh5a2 r-dnmrzs r-1ny4l3l\">\n<div class=\"css-1dbjc4n r-1wbh5a2 r-dnmrzs r-1ny4l3l\">\n<div class=\"css-1dbjc4n r-1awozwy r-18u37iz r-dnmrzs\">\n<div class=\"css-901oao r-1awozwy r-18jsvk2 r-6koalj r-1qd0xha r-a023e6 r-b88u0q r-rjixqe r-bcqeeo r-1udh08x r-3s2u2q r-qvutc0\" dir=\"auto\"><strong><span class=\"css-901oao css-16my406 css-1hf3ou5 r-poiln3 r-bcqeeo r-qvutc0\"><span class=\"css-901oao css-16my406 r-poiln3 r-bcqeeo r-qvutc0\">FEF\u00a0<\/span><\/span><\/strong><\/div>\n<div class=\"css-901oao r-18jsvk2 r-xoduu5 r-18u37iz r-1q142lx r-1qd0xha r-a023e6 r-16dba41 r-rjixqe r-bcqeeo r-qvutc0\" dir=\"auto\"><\/div>\n<\/div>\n<div class=\"css-1dbjc4n r-1awozwy r-18u37iz r-1wbh5a2\">\n<div class=\"css-1dbjc4n\">\n<div class=\"css-901oao css-1hf3ou5 r-14j79pv r-18u37iz r-1qd0xha r-1wvb978 r-a023e6 r-16dba41 r-rjixqe r-bcqeeo r-qvutc0\" dir=\"ltr\"><strong><span class=\"css-901oao css-16my406 r-poiln3 r-bcqeeo r-qvutc0\">@FEFecuador<\/span><\/strong><\/div>\n<\/div>\n<div class=\"css-1dbjc4n r-18u37iz r-1q142lx\">\n<div class=\"css-901oao r-14j79pv r-1q142lx r-1qd0xha r-a023e6 r-16dba41 r-rjixqe r-bcqeeo r-s1qlax r-qvutc0\" dir=\"auto\" aria-hidden=\"true\"><span class=\"css-901oao css-16my406 r-poiln3 r-bcqeeo r-qvutc0\">\u00b7<\/span><\/div>\n<\/div>\n<\/div>\n<\/div>\n<\/div>\n<\/div>\n<\/div>\n<\/div>\n<div class=\"css-1dbjc4n\">\n<div class=\"css-901oao r-18jsvk2 r-1dqbpge r-1qd0xha r-adyw6z r-16dba41 r-135wba7 r-bcqeeo r-bnwqim r-qvutc0\" dir=\"auto\" lang=\"es\" data-testid=\"tweetText\"><strong><span class=\"css-901oao css-16my406 r-poiln3 r-bcqeeo r-qvutc0\"> Un nuevo proyecto para el desarrollo del f\u00fatbol ecuatoriano. <\/span><span class=\"r-18u37iz\"><a class=\"css-4rbku5 css-18t94o4 css-901oao css-16my406 r-1loqt21 r-poiln3 r-bcqeeo r-qvutc0\" dir=\"ltr\" role=\"link\" href=\"https:\/\/twitter.com\/hashtag\/LegadoOrdenFuturo?ref_src=twsrc%5Etfw%7Ctwcamp%5Etweetembed%7Ctwterm%5E2027066126312538571%7Ctwgr%5E4be397d37fc9ec97fe2b65e2af782040c0e57228%7Ctwcon%5Es1_&amp;ref_url=https%3A%2F%2Fwww.ole.com.ar%2Fecuador%2Fliga-pro%2Ffederacion-ecuador-futbol-fef-francisco-egas-decision-reduccion-equipos-ligapro_0_41SEdMaoTa.html&amp;src=hashtag_click\" target=\"_blank\" rel=\"noopener noreferrer nofollow\">#LegadoOrdenFuturo<\/a><\/span><\/strong><\/div>\n<\/div>\n<p><img decoding=\"async\" src=\"https:\/\/pbs.twimg.com\/media\/HCGV5aRWYAA2tE1?format=jpg&amp;name=900x900\" alt=\"Imagen\" \/><\/p>\n<blockquote class=\"twitter-tweet\" data-width=\"550\" data-dnt=\"true\">\n<p lang=\"es\" dir=\"ltr\">\ud83d\udd1d Alejandro Dom\u00ednguez, presidente de la <a href=\"https:\/\/twitter.com\/CONMEBOL?ref_src=twsrc%5Etfw\">@CONMEBOL<\/a>, y su mensaje a nuestro presidente <a href=\"https:\/\/twitter.com\/franciscoegas?ref_src=twsrc%5Etfw\">@franciscoegas<\/a>, que reafirma la importancia del orden institucional y la visi\u00f3n de futuro para el f\u00fatbol ecuatoriano.  <a href=\"https:\/\/twitter.com\/hashtag\/LegadoOrdenFuturo?src=hash&amp;ref_src=twsrc%5Etfw\">#LegadoOrdenFuturo<\/a> <a href=\"https:\/\/t.co\/1vIxZED5xq\">pic.twitter.com\/1vIxZED5xq<\/a><\/p>\n<p>&mdash; FEF \ud83c\uddea\ud83c\udde8 (@FEFecuador) <a href=\"https:\/\/twitter.com\/FEFecuador\/status\/2027066131974885617?ref_src=twsrc%5Etfw\">February 26, 2026<\/a><\/p><\/blockquote>\n<p><script async src=\"https:\/\/platform.twitter.com\/widgets.js\" charset=\"utf-8\"><\/script><\/p>\n<p><strong>Informe preliminar de las finanzas en el 2025.<\/strong><\/p>\n<ul>\n<li>63.000 de d\u00f3lares en activos totales 4% crecimiento<\/li>\n<li>Activo corriente creci\u00f3 16%<\/li>\n<li>Recuperaci\u00f3n de 1.200.000 d\u00f3lares<\/li>\n<li>Pasivos totales: 37,6 M Pasivos corrientes: 25 M<\/li>\n<li>Previsi\u00f3n 7.9 M por clasificaci\u00f3n<\/li>\n<li>Se cancelaron 22 M en deudas heredadas Ingresos totales: 39.700.000 M<\/li>\n<li>La deuda con el SRI disminuy\u00f3 en un 31%.<\/li>\n<li>Gastos se mantuvieron en 39 M: 76% de los gastos fueron invertidos en el desarrollo del f\u00fatbol ecuatoriano<\/li>\n<li>Patrimonio de 25.000.000 M<\/li>\n<li>Super\u00e1vit del ejercicio cerr\u00f3 con 682.763 d\u00f3lares<\/li>\n<\/ul>\n<p><strong>Queda aprobado (punto h).<\/strong><\/p>\n<p><strong>Presupuesto 2026: total de egresos previstos.<\/strong><\/p>\n<div id=\"element-body-24\" class=\"sc-136cd478-0 ekTCfV\">\n<p>Se proyect\u00f3 un video con informaci\u00f3n de los\u00a0<strong>gastos previstos para el 2026.<\/strong><\/p>\n<p>Se aclara que, por ser un a\u00f1o mundialista, y no contar con taquilla de partidos de Eliminatorias, el total de gastos 2026 proyectado se redujo\u00a0<strong>un 3% en comparaci\u00f3n con 2025. <\/strong><\/p>\n<p><strong>Total proyectado: 37.987.105 d\u00f3lares.<\/strong><\/p>\n<\/div>\n<div id=\"element-body-25\" class=\"sc-136cd478-0 ekTCfV\">\n<p><strong>Se aprob\u00f3, con los votos negativos de Orense, Manta y Mushuc Runa.<\/strong><\/p>\n<p>Y el Congreso entr\u00f3 en un\u00a0<strong>receso de 45 minutos para almorzar. <\/strong><\/p>\n<p><strong>El punto siguiente, que ven\u00eda a ser el debate por el cambio de formato de la LigaPro, ya no fue transmitido por la misma Federaci\u00f3n. (D)<\/strong><\/p>\n<\/div>\n<p><img decoding=\"async\" src=\"https:\/\/www.ole.com.ar\/images\/2026\/02\/26\/iem8remrW_720x0__1.jpg\" alt=\"Presupuesto de la FEF proyectado para el 2026, seg\u00fan previsi\u00f3n presentada en el Congreso Ordinario\" \/><\/p>\n<p><img decoding=\"async\" src=\"https:\/\/www.ole.com.ar\/images\/2026\/02\/26\/JxroSPkGM_720x0__1.jpg\" alt=\"Presupuesto de la FEF proyectado para el 2026, seg\u00fan previsi\u00f3n presentada en el Congreso Ordinario\" \/><\/p>\n<p>&nbsp;<\/p>\n<p><strong>Fuente:<\/strong> evafm.net &#8211; ole.com.ar<\/p>\n<h2><\/h2>\n<div class=\"gsp_post_data\" \r\n\t            data-post_type=\"post\" \r\n\t            data-cat=\"deportes-ecuador\" \r\n\t            data-modified=\"120\"\r\n\t            data-created=\"1772214987\"\r\n\t            data-title=\"La decisi\u00f3n que tom\u00f3 la FEF con respecto a la reducci\u00f3n de equipos en la LigaPro\" \r\n\t            data-home=\"https:\/\/www.evafm.net\/sitio\"><\/div>","protected":false},"excerpt":{"rendered":"<p>El cambio de formato en la LigaPro deber\u00e1 seguir esperando, al menos unas semanas. Es que durante el\u00a0Congreso Ordinario 2026 de la\u00a0Federaci\u00f3n Ecuatoriana de F\u00fatbol\u00a0(FEF), con el presidente\u00a0Francisco Egas\u00a0al mando de la sesi\u00f3n en la sede ubicada en Urdesa, Guayaquil, no se lleg\u00f3 a ninguna resoluci\u00f3n con respecto a este tema. La pol\u00e9mica estall\u00f3 en&#8230;<\/p>\n","protected":false},"author":5,"featured_media":99601,"comment_status":"closed","ping_status":"open","sticky":false,"template":"","format":"standard","meta":{"_joinchat":[],"footnotes":""},"categories":[1557],"tags":[],"class_list":["post-99600","post","type-post","status-publish","format-standard","has-post-thumbnail","hentry","category-deportes-ecuador","have-post-thumb"],"_links":{"self":[{"href":"https:\/\/www.evafm.net\/sitio\/wp-json\/wp\/v2\/posts\/99600","targetHints":{"allow":["GET"]}}],"collection":[{"href":"https:\/\/www.evafm.net\/sitio\/wp-json\/wp\/v2\/posts"}],"about":[{"href":"https:\/\/www.evafm.net\/sitio\/wp-json\/wp\/v2\/types\/post"}],"author":[{"embeddable":true,"href":"https:\/\/www.evafm.net\/sitio\/wp-json\/wp\/v2\/users\/5"}],"replies":[{"embeddable":true,"href":"https:\/\/www.evafm.net\/sitio\/wp-json\/wp\/v2\/comments?post=99600"}],"version-history":[{"count":1,"href":"https:\/\/www.evafm.net\/sitio\/wp-json\/wp\/v2\/posts\/99600\/revisions"}],"predecessor-version":[{"id":99602,"href":"https:\/\/www.evafm.net\/sitio\/wp-json\/wp\/v2\/posts\/99600\/revisions\/99602"}],"wp:featuredmedia":[{"embeddable":true,"href":"https:\/\/www.evafm.net\/sitio\/wp-json\/wp\/v2\/media\/99601"}],"wp:attachment":[{"href":"https:\/\/www.evafm.net\/sitio\/wp-json\/wp\/v2\/media?parent=99600"}],"wp:term":[{"taxonomy":"category","embeddable":true,"href":"https:\/\/www.evafm.net\/sitio\/wp-json\/wp\/v2\/categories?post=99600"},{"taxonomy":"post_tag","embeddable":true,"href":"https:\/\/www.evafm.net\/sitio\/wp-json\/wp\/v2\/tags?post=99600"}],"curies":[{"name":"wp","href":"https:\/\/api.w.org\/{rel}","templated":true}]}}