{"id":99671,"date":"2026-03-02T10:30:09","date_gmt":"2026-03-02T15:30:09","guid":{"rendered":"https:\/\/www.evafm.net\/sitio\/?p=99671"},"modified":"2026-03-02T10:30:09","modified_gmt":"2026-03-02T15:30:09","slug":"tension-en-medio-oriente-fuertes-caidas-de-las-bolsas-en-todo-el-mundo","status":"publish","type":"post","link":"https:\/\/www.evafm.net\/sitio\/tension-en-medio-oriente-fuertes-caidas-de-las-bolsas-en-todo-el-mundo\/","title":{"rendered":"Tensi\u00f3n en Medio Oriente: fuertes ca\u00eddas de las bolsas en todo el mundo"},"content":{"rendered":"<p><strong>Se ajustan las bajas burs\u00e1tiles.<\/strong><\/p>\n<div class=\"body-blogging-article \">\n<p class=\"paragraph\">Los principales indicadores de las bolsas de Nueva York acotan a 0,4% la ca\u00edda de este lunes en sus principales indicadores.<\/p>\n<\/div>\n<div class=\"body-blogging-article \">\n<p class=\"paragraph\">\u201cEl flujo de capitales est\u00e1 migrando hacia el oro y el d\u00f3lar estadounidense.<\/p>\n<p class=\"paragraph\">Sin embargo, a diferencia de otros episodios de volatilidad, el mercado de bonos del Tesoro est\u00e1 mostrando una din\u00e1mica mixta: mientras la b\u00fasqueda de seguridad impulsa las compras, las expectativas de una inflaci\u00f3n renovada por el shock energ\u00e9tico est\u00e1n presionando los rendimientos al alza\u201d, indic\u00f3\u00a0<b>IOL Inversiones<\/b>.<\/p>\n<p><strong>Wall Street, con n\u00fameros rojos.<\/strong><\/p>\n<div class=\"body-blogging-article \">\n<p class=\"paragraph\">Los mercados internacionales inician los negocios de marzo con tendencia negativa y para los activos argentinos el sesgo es similar, a excepci\u00f3n de las acciones relacionadas al sector petr\u00f3leo y energ\u00eda, en alza por el conflicto en Ir\u00e1n, que afecta el tr\u00e1fico en el estrecho de Ormuz.<\/p>\n<\/div>\n<div class=\"body-blogging-article \">\n<p class=\"paragraph\">Los futuros en Wall Street operan con baja de<strong> 1%<\/strong>, mientras que las bolsas europeas caen entre<strong> 1,4 y 2,5 por ciento.<\/strong><\/p>\n<p class=\"paragraph\"><strong>La agencia at\u00f3mica de la ONU asegur\u00f3 que por el momento no hay ataques contra sitios nucleares ni radiaci\u00f3n en Ir\u00e1n.<\/strong><\/p>\n<p>La organizaci\u00f3n internacional se\u00f1al\u00f3 que, a pesar de la calma en las instalaciones at\u00f3micas, la situaci\u00f3n en Oriente Medio requiere acciones diplom\u00e1ticas urgentes y cooperaci\u00f3n para evitar riesgos mayores en la regi\u00f3n.<\/p>\n<p>El director general del OIEA, Rafael Grossi, asegur\u00f3 este lunes que por ahora no se han producido ataques de Israel o EEUU contra instalaciones nucleares en Ir\u00e1n, ni se han detectado aumentos de la radiaci\u00f3n por encima de lo normal en los pa\u00edses lim\u00edtrofes.<\/p>\n<p><strong>Las bolsas europeas tocan m\u00ednimos de dos semanas mientras suben el petr\u00f3leo y el oro en medio del conflicto entre EEUU e Ir\u00e1n.<\/strong><\/p>\n<p>Los mercados europeos vienen de cotizar a precios r\u00e9cord, pero la ofensiva en Medio Oriente impacta este lunes igual que lo hizo en Asia, donde todas las bolsas cerraron con \u00edndices negativos.<\/p>\n<p>Las bolsas europeas ca\u00edan de forma generalizada el lunes, al tiempo que el conflicto militar en Oriente Pr\u00f3ximo segu\u00eda sin dar se\u00f1ales de remitir, mientras que los valores energ\u00e9ticos y de defensa sub\u00edan.<\/p>\n<p>El \u00edndice paneuropeo\u00a0<b>STOXX 600\u00a0<\/b>perd\u00eda un <strong>1,8%<\/strong> y alcanzaba su nivel m\u00e1s bajo desde mediados de febrero, situ\u00e1ndose en<strong> 622,35 puntos<\/strong> a las <strong>08:12 GMT,<\/strong> retrocediendo desde el m\u00e1ximo hist\u00f3rico alcanzado el viernes y con la mayor\u00eda de los sectores en n\u00fameros rojos.<\/p>\n<p><strong>Cayeron las bolsas en Asia y precio del petr\u00f3leo se dispar\u00f3 por la escalada del conflicto en Medio Oriente.<\/strong><\/p>\n<p>Los futuros del Dow Jones tambi\u00e9n registran ca\u00eddas. El temor a un corte en el suministro de crudo y el cierre del estrecho de Ormuz genera volatilidad en los principales \u00edndices y en las divisas mundiales.<\/p>\n<p>La escalada militar entre\u00a0<b>Estados Unidos, Israel e Ir\u00e1n<\/b>\u00a0provocaron el lunes una\u00a0<b>reacci\u00f3n inmediata<\/b>\u00a0en los\u00a0<b>mercados internacionales<\/b>, con una ca\u00edda inicial de m\u00e1s del\u00a0<b>1%<\/b>\u00a0en los principales futuros estadounidenses y un<b>\u00a0incremento en el precio del petr\u00f3leo<\/b>, aunque ambos indicadores mostraron cierta estabilizaci\u00f3n conforme avanz\u00f3 la jornada.<\/p>\n<p><strong>Tensi\u00f3n en Medio Oriente EN VIVO: Wall Street abri\u00f3 en baja, caen las bolsas en todo el mundo y se disparan el petr\u00f3leo y el gas.<\/strong><\/p>\n<p>Solo las acciones petroleras se salvan del sesgo de bajas para los activos burs\u00e1tiles globales debido a la escalada b\u00e9lica.<\/p>\n<p>El conflicto entre\u00a0<b>Ir\u00e1n<\/b>,\u00a0<b>Israel\u00a0<\/b>y\u00a0<b>Estados Unidos\u00a0<\/b>se intensific\u00f3 el lunes con bombardeos masivos y ataques a infraestructura energ\u00e9tica tras la muerte del l\u00edder supremo Ali Khamenei. Mientras Washington e Israel golpean\u00a0<b>Teher\u00e1n\u00a0<\/b>y el\u00a0<b>L\u00edbano<\/b>, Ir\u00e1n respondi\u00f3 con misiles contra territorio israel\u00ed que dejaron al menos diez muertos.<\/p>\n<p>El presidente Donald Trump asegur\u00f3 que las operaciones seguir\u00e1n a \u201ctoda fuerza\u201d, aunque no descart\u00f3 un di\u00e1logo futuro con un nuevo liderazgo iran\u00ed.<\/p>\n<p><strong>El precio del petr\u00f3leo se dispar\u00f3 tras la escalada del conflicto en Medio Oriente.<\/strong><\/p>\n<p>La interrupci\u00f3n del tr\u00e1fico mar\u00edtimo en el estrecho de Ormuz y el ataque iran\u00ed a una refiner\u00eda en Arabia Saudita incrementan la tensi\u00f3n<\/p>\n<p>El petr\u00f3leo Brent sub\u00eda un<strong> 8%<\/strong> este lunes, despu\u00e9s de que los ataques de represalia de Ir\u00e1n interrumpieron el tr\u00e1fico mar\u00edtimo en el crucial estrecho de Ormuz, tras el bombardeo del fin de semana por parte de Israel y Estados Unidos que acab\u00f3 con la vida del l\u00edder supremo <strong>iran\u00ed, Al\u00ed Jamenei.<\/strong><\/p>\n<p><strong>El conflicto en Ir\u00e1n tensa al mercado.<\/strong><\/p>\n<div class=\"body-blogging-article \">\n<p class=\"paragraph\">Los analistas de\u00a0<b>Puente\u00a0<\/b>indicaron que \u201cla atenci\u00f3n de la semana en Estados Unidos estar\u00e1 en el plano geopol\u00edtico, luego de la intervenci\u00f3n militar en Ir\u00e1n en conjunto con Israel.<\/p>\n<p class=\"paragraph\">En paralelo, se conocer\u00e1n los datos de empleo de febrero, proyect\u00e1ndose la creaci\u00f3n de 60 mil nuevos puestos de trabajo y la tasa de desempleo en 4,3%, y en la evoluci\u00f3n de las ventas minoristas -indicador\u00a0<i>proxy<\/i>\u00a0de actividad- de enero.<\/p>\n<p class=\"paragraph\">En la Eurozona se publicar\u00e1 la estimaci\u00f3n final del Producto Bruto Interno del cuarto trimestre, siendo la expectativa un +1,3% interanual, y la inflaci\u00f3n preliminar de febrero, esper\u00e1ndose un alza interanual de +1,7% y +2,2% en la medici\u00f3n que excluye alimentos y energ\u00eda (n\u00facleo)\u201c<\/p>\n<\/div>\n<div class=\"body-blogging-article \">\n<p class=\"paragraph\">\u201cDurante el fin de semana, Estados Unidos e Israel lanzaron una operaci\u00f3n militar en Medio Oriente, que llev\u00f3 a la muerte del ayatollah Ali Khamenei, l\u00edder iran\u00ed durante casi cuatro d\u00e9cadas.<\/p>\n<p class=\"paragraph\">La contraofensiva de Teher\u00e1n con misiles y drones afect\u00f3 varios territorios vecinos, mientras que se procedi\u00f3 al bloqueo del Estrecho de Ormuz, v\u00eda mar\u00edtima por el que se transporta alrededor de un quinto del petr\u00f3leo a nivel global.<\/p>\n<p class=\"paragraph\">Se espera un inicio de semana con volatilidad en los mercados mundiales, y un incremento en las cotizaciones del crudo\u201d, agregaron desde Puente.<strong>(I)<\/strong><\/p>\n<\/div>\n<p><img fetchpriority=\"high\" decoding=\"async\" class=\"global-image\" src=\"https:\/\/www.infobae.com\/resizer\/v2\/TIKW3AO6A5D6VJEZ7PE774WY6A.JPG?auth=11547a2459d278f79004cdb8692a61f62f43f33b8e6b0a040be79a6ca1b65ea3&amp;smart=true&amp;width=350&amp;height=233&amp;quality=85\" alt=\"Rafael Grossi, del OIEA, observa\" width=\"804\" height=\"535\" \/><\/p>\n<p>Rafael Grossi, del OIEA, observa antes del inicio de la reuni\u00f3n trimestral de la Junta de Gobernadores en<\/p>\n<p>Viena, Austria, el 2 de marzo de 2026.<strong> REUTERS\/Lisa Leutner.<\/strong><\/p>\n<\/div>\n<p><img decoding=\"async\" class=\"global-image\" src=\"https:\/\/www.infobae.com\/resizer\/v2\/AWYPM6VSWBHEPEHSLLDEUGRJKU.JPG?auth=52b4c3d40095587ba21a1aec1839c7671a6be6b5ff7c6b67d0e5da8c77b6b835&amp;smart=true&amp;width=350&amp;height=199&amp;quality=85\" alt=\"El gr\u00e1fico del \u00edndice de\" width=\"815\" height=\"463\" \/><\/p>\n<p>El gr\u00e1fico del \u00edndice de precios de acciones alem\u00e1n DAX se muestra en la Bolsa de Valores de Fr\u00e1ncfort, Alemania<\/p>\n<p><strong> (REUTERS\/staff\/Archivo)<\/strong><\/p>\n<p><img decoding=\"async\" class=\"global-image\" src=\"https:\/\/www.infobae.com\/resizer\/v2\/FAWCJIURLVB6HJRPBHDAUFSVDA.JPG?auth=4ce53266f22eda90b6ce219a185d01be289dced85f2c268eacf772c37f4047f6&amp;smart=true&amp;width=350&amp;height=230&amp;quality=85\" alt=\"Cayeron las bolsas en Asia\" width=\"811\" height=\"533\" \/><\/p>\n<p>Cayeron las bolsas en Asia y precio del petr\u00f3leo se dispar\u00f3 por la escalada del conflicto en Medio Oriente<\/p>\n<p><strong>(REUTERS\/Manami Yamada)<\/strong><\/p>\n<div class=\"body-blogging-article \">\n<div class=\"body-blogging-article \">\n<p><strong>Fuente:<\/strong> evafm.net &#8211; infobae.com<\/p>\n<\/div>\n<p>&nbsp;<\/p>\n<\/div>\n<div class=\"body-blogging-article \">\n<p class=\"paragraph\">\n<p class=\"paragraph\">\n<\/div>\n<\/div>\n<div class=\"gsp_post_data\" \r\n\t            data-post_type=\"post\" \r\n\t            data-cat=\"general,noticias-internacionales\" \r\n\t            data-modified=\"120\"\r\n\t            data-created=\"1772447409\"\r\n\t            data-title=\"Tensi\u00f3n en Medio Oriente: fuertes ca\u00eddas de las bolsas en todo el mundo\" \r\n\t            data-home=\"https:\/\/www.evafm.net\/sitio\"><\/div>","protected":false},"excerpt":{"rendered":"<p>Se ajustan las bajas burs\u00e1tiles. Los principales indicadores de las bolsas de Nueva York acotan a 0,4% la ca\u00edda de este lunes en sus principales indicadores. \u201cEl flujo de capitales est\u00e1 migrando hacia el oro y el d\u00f3lar estadounidense. Sin embargo, a diferencia de otros episodios de volatilidad, el mercado de bonos del Tesoro est\u00e1&#8230;<\/p>\n","protected":false},"author":5,"featured_media":99672,"comment_status":"closed","ping_status":"open","sticky":false,"template":"","format":"standard","meta":{"_joinchat":[],"footnotes":""},"categories":[1720,1345],"tags":[],"class_list":["post-99671","post","type-post","status-publish","format-standard","has-post-thumbnail","hentry","category-general","category-noticias-internacionales","have-post-thumb"],"_links":{"self":[{"href":"https:\/\/www.evafm.net\/sitio\/wp-json\/wp\/v2\/posts\/99671","targetHints":{"allow":["GET"]}}],"collection":[{"href":"https:\/\/www.evafm.net\/sitio\/wp-json\/wp\/v2\/posts"}],"about":[{"href":"https:\/\/www.evafm.net\/sitio\/wp-json\/wp\/v2\/types\/post"}],"author":[{"embeddable":true,"href":"https:\/\/www.evafm.net\/sitio\/wp-json\/wp\/v2\/users\/5"}],"replies":[{"embeddable":true,"href":"https:\/\/www.evafm.net\/sitio\/wp-json\/wp\/v2\/comments?post=99671"}],"version-history":[{"count":1,"href":"https:\/\/www.evafm.net\/sitio\/wp-json\/wp\/v2\/posts\/99671\/revisions"}],"predecessor-version":[{"id":99673,"href":"https:\/\/www.evafm.net\/sitio\/wp-json\/wp\/v2\/posts\/99671\/revisions\/99673"}],"wp:featuredmedia":[{"embeddable":true,"href":"https:\/\/www.evafm.net\/sitio\/wp-json\/wp\/v2\/media\/99672"}],"wp:attachment":[{"href":"https:\/\/www.evafm.net\/sitio\/wp-json\/wp\/v2\/media?parent=99671"}],"wp:term":[{"taxonomy":"category","embeddable":true,"href":"https:\/\/www.evafm.net\/sitio\/wp-json\/wp\/v2\/categories?post=99671"},{"taxonomy":"post_tag","embeddable":true,"href":"https:\/\/www.evafm.net\/sitio\/wp-json\/wp\/v2\/tags?post=99671"}],"curies":[{"name":"wp","href":"https:\/\/api.w.org\/{rel}","templated":true}]}}