{"id":99685,"date":"2026-03-02T11:23:24","date_gmt":"2026-03-02T16:23:24","guid":{"rendered":"https:\/\/www.evafm.net\/sitio\/?p=99685"},"modified":"2026-03-02T11:23:24","modified_gmt":"2026-03-02T16:23:24","slug":"shakira-inicia-concierto-en-el-zocalo-con-la-fuerte-y-estrena-outfit","status":"publish","type":"post","link":"https:\/\/www.evafm.net\/sitio\/shakira-inicia-concierto-en-el-zocalo-con-la-fuerte-y-estrena-outfit\/","title":{"rendered":"Shakira inicia concierto en el Z\u00f3calo con &#8216;La Fuerte&#8217; y estrena outfit"},"content":{"rendered":"<p>La espera ha terminado en el coraz\u00f3n de la capital mexicana.<\/p>\n<p>Ante una plaza abarrotada que ha aguardado por d\u00edas, Shakira apareci\u00f3 finalmente en el escenario para dar inicio al \u00faltimo concierto de su gira mundial <strong>Las Mujeres Ya No Lloran.<\/strong><\/p>\n<p>Bajo el hashtag #ShakiraEnElZocalo, que ya domina las tendencias digitales, la barranquillera desat\u00f3 la euforia de los miles de asistentes al arrancar su presentaci\u00f3n con los acordes de \u00abLa Fuerte\u00bb.<\/p>\n<p>Este tema, una colaboraci\u00f3n con el productor argentino Bizarrap y parte fundamental de su \u00faltimo disco, fue la elecci\u00f3n perfecta para marcar el tono energ\u00e9tico de la velada.<\/p>\n<p><strong>Un estreno exclusivo para M\u00e9xico.<\/strong><\/p>\n<p>Consciente de la importancia de esta fecha, Shakira prepar\u00f3 una sorpresa visual para sus fans mexicanos.<\/p>\n<p>La cantante no utiliz\u00f3 el vestuario habitual de la gira, sino que luci\u00f3 un nuevo conjunto dorado dise\u00f1ado espec\u00edficamente para brillar bajo las luces del Z\u00f3calo durante esta canci\u00f3n.<\/p>\n<p><strong>\u00abElla necesita parar\u00bb: Fans de Shakira explotan contra Shakibecca por su aparici\u00f3n en el Z\u00f3calo<\/strong><br \/>\n<strong>Shakira env\u00eda emotivo mensaje a fans antes de su gran cierre en el Z\u00f3calo.<\/strong><\/p>\n<p>La imagen de la artista vestida de oro mientras interpreta uno de sus \u00e9xitos m\u00e1s recientes marca ya la primera postal hist\u00f3rica de una noche que promete ser inolvidable para la<strong> Ciudad de M\u00e9xico.<\/strong><\/p>\n<p>La cantante tambi\u00e9n interpret\u00f3 sus m\u00e1s conocidos cl\u00e1sicos como Estoy Aqu\u00ed, Sesi\u00f3n 53, Hips Don\u2019t Lie, Inevitable, entre otras.<\/p>\n<p>&nbsp;<\/p>\n<p>En las primeras im\u00e1genes compartidas en redes sociales, el concierto de la cantante colombiana luc\u00eda repleto, incluso, minutos antes de que empezara el espect\u00e1culo, los asistentes segu\u00edan llegando<\/p>\n<p>para ver la conclusi\u00f3n de la gira de Shakira en el Z\u00f3calo capitalino.<\/p>\n<p>El concierto gratuito de Shakira en el Z\u00f3calo capitalino se suma a la estrategia cultural de eventos masivos impulsada por la administraci\u00f3n local, que busca posicionar el espacio p\u00fablico como escenario de espect\u00e1culos internacionales de gran escala.<\/p>\n<p>Autoridades recomendaron llegar con anticipaci\u00f3n, considerar tiempos de traslado y mantenerse informados a trav\u00e9s de los canales oficiales.<\/p>\n<p>Adem\u00e1s, habilit\u00f3 transporte p\u00fablico para despu\u00e9s del concierto. <strong>(E)<\/strong><\/p>\n<p><iframe title=\"\u00a1CIERRE ESPECTACULAR! el de SHAKIRA en el Z\u00f3calo Capitalino con el \u00e9xito &quot;BZRP Music Sessions #53&quot;\" width=\"1200\" height=\"675\" src=\"https:\/\/www.youtube.com\/embed\/LYt9gzgHswo?feature=oembed\" frameborder=\"0\" allow=\"accelerometer; autoplay; clipboard-write; encrypted-media; gyroscope; picture-in-picture; web-share\" referrerpolicy=\"strict-origin-when-cross-origin\" allowfullscreen><\/iframe><\/p>\n<p><strong>Fuente:<\/strong> evafmn.net &#8211; excelsior.com.mx &#8211; youtube.com<\/p>\n<p>&nbsp;<\/p>\n<div class=\"gsp_post_data\" \r\n\t            data-post_type=\"post\" \r\n\t            data-cat=\"general,musica-internacional\" \r\n\t            data-modified=\"120\"\r\n\t            data-created=\"1772450604\"\r\n\t            data-title=\"Shakira inicia concierto en el Z\u00f3calo con &#8216;La Fuerte&#8217; y estrena outfit\" \r\n\t            data-home=\"https:\/\/www.evafm.net\/sitio\"><\/div>","protected":false},"excerpt":{"rendered":"<p>La espera ha terminado en el coraz\u00f3n de la capital mexicana. Ante una plaza abarrotada que ha aguardado por d\u00edas, Shakira apareci\u00f3 finalmente en el escenario para dar inicio al \u00faltimo concierto de su gira mundial Las Mujeres Ya No Lloran. Bajo el hashtag #ShakiraEnElZocalo, que ya domina las tendencias digitales, la barranquillera desat\u00f3 la&#8230;<\/p>\n","protected":false},"author":5,"featured_media":99686,"comment_status":"closed","ping_status":"open","sticky":false,"template":"","format":"standard","meta":{"_joinchat":[],"footnotes":""},"categories":[1720,2],"tags":[],"class_list":["post-99685","post","type-post","status-publish","format-standard","has-post-thumbnail","hentry","category-general","category-musica-internacional","have-post-thumb"],"_links":{"self":[{"href":"https:\/\/www.evafm.net\/sitio\/wp-json\/wp\/v2\/posts\/99685","targetHints":{"allow":["GET"]}}],"collection":[{"href":"https:\/\/www.evafm.net\/sitio\/wp-json\/wp\/v2\/posts"}],"about":[{"href":"https:\/\/www.evafm.net\/sitio\/wp-json\/wp\/v2\/types\/post"}],"author":[{"embeddable":true,"href":"https:\/\/www.evafm.net\/sitio\/wp-json\/wp\/v2\/users\/5"}],"replies":[{"embeddable":true,"href":"https:\/\/www.evafm.net\/sitio\/wp-json\/wp\/v2\/comments?post=99685"}],"version-history":[{"count":1,"href":"https:\/\/www.evafm.net\/sitio\/wp-json\/wp\/v2\/posts\/99685\/revisions"}],"predecessor-version":[{"id":99687,"href":"https:\/\/www.evafm.net\/sitio\/wp-json\/wp\/v2\/posts\/99685\/revisions\/99687"}],"wp:featuredmedia":[{"embeddable":true,"href":"https:\/\/www.evafm.net\/sitio\/wp-json\/wp\/v2\/media\/99686"}],"wp:attachment":[{"href":"https:\/\/www.evafm.net\/sitio\/wp-json\/wp\/v2\/media?parent=99685"}],"wp:term":[{"taxonomy":"category","embeddable":true,"href":"https:\/\/www.evafm.net\/sitio\/wp-json\/wp\/v2\/categories?post=99685"},{"taxonomy":"post_tag","embeddable":true,"href":"https:\/\/www.evafm.net\/sitio\/wp-json\/wp\/v2\/tags?post=99685"}],"curies":[{"name":"wp","href":"https:\/\/api.w.org\/{rel}","templated":true}]}}