{"id":99696,"date":"2026-03-03T11:28:22","date_gmt":"2026-03-03T16:28:22","guid":{"rendered":"https:\/\/www.evafm.net\/sitio\/?p=99696"},"modified":"2026-03-03T11:28:22","modified_gmt":"2026-03-03T16:28:22","slug":"johan-garcia-y-el-tiempo-estimado-de-recuperacion-tras-sufrir-grave-fractura-de-perone","status":"publish","type":"post","link":"https:\/\/www.evafm.net\/sitio\/johan-garcia-y-el-tiempo-estimado-de-recuperacion-tras-sufrir-grave-fractura-de-perone\/","title":{"rendered":"Johan Garc\u00eda y el tiempo estimado de recuperaci\u00f3n tras sufrir grave fractura de peron\u00e9"},"content":{"rendered":"<p><a href=\"https:\/\/www.ecuavisa.com\/futbol-internacional\/posible-alineacion-barcelona-sc-botafogo-tercera-ronda-copa-libertadores-20260302-0049.html\" target=\"_blank\" rel=\"noopener\"><strong>Barcelona SC<\/strong><\/a>\u00a0recibi\u00f3 un duro golpe en la Fecha 2 de la\u00a0<strong>LigaPro Serie A 2026<\/strong>.<\/p>\n<p>El mediocampista Johan Garc\u00eda, canterano de 17 a\u00f1os y una de las principales promesas del club, sufri\u00f3 una grave lesi\u00f3n en la pierna izquierda durante el partido frente a\u00a0<strong>Deportivo Cuenca,<\/strong>\u00a0disputado el domingo en el estadio Alejandro Serrano Aguilar.<\/p>\n<p>La acci\u00f3n se produjo antes del minuto 10 del encuentro, en una fuerte entrada que oblig\u00f3 la revisi\u00f3n del<strong> VAR. <\/strong><\/p>\n<p>Tras analizar la jugada, el \u00e1rbitro mostr\u00f3 tarjeta roja directa al defensor <strong>argentino Mateo Maccari, d<\/strong>ejando al cuadro morlaco con diez jugadores desde los primeros instantes del compromiso.<\/p>\n<p>&nbsp;<\/p>\n<p>Garc\u00eda tuvo que ser retirado en camilla, visiblemente afectado y con evidentes gestos de dolor tras una severa torcedura en su tobillo izquierdo.<strong>\u00a0<\/strong><\/p>\n<p><strong>Horas m\u00e1s tarde, el club torero confirm\u00f3 el diagn\u00f3stico: fractura de peron\u00e9 en la pierna izquierda, este lunes se pudo conocer que estar\u00eda hasta seis meses fuera.<\/strong><\/p>\n<p>El juvenil arrib\u00f3 la noche del domingo a Guayaquil en silla de ruedas y con el tobillo inmovilizado con un yeso provisional.<\/p>\n<p>La intervenci\u00f3n quir\u00fargica fue programada para la ma\u00f1ana de este lunes 2 de marzo en una cl\u00ednica de la ciudad.<\/p>\n<p>De acuerdo con el parte m\u00e9dico inicial emitido por\u00a0<strong>Barcelona SC<\/strong>, el tiempo estimado de recuperaci\u00f3n podr\u00eda extenderse hasta\u00a0<strong>seis meses,<\/strong> lo que implicar\u00eda que el joven talento se perder\u00eda buena parte de la temporada 2026. La lesi\u00f3n representa un duro rev\u00e9s tanto para el jugador como para el equipo, que pierde a una de sus piezas emergentes en el inicio del campeonato.. <strong>(D)<\/strong><\/p>\n<div class=\"css-175oi2r r-zl2h9q\">\n<div class=\"css-175oi2r r-k4xj1c r-18u37iz r-1wtj0ep\">\n<div class=\"css-175oi2r r-1d09ksm r-18u37iz r-1wbh5a2\">\n<div class=\"css-175oi2r r-1wbh5a2 r-dnmrzs r-1ny4l3l\">\n<div id=\"id__9pdka2ifp9e\" class=\"css-175oi2r r-1wbh5a2 r-dnmrzs r-1ny4l3l r-1awozwy r-18u37iz\" data-testid=\"User-Name\">\n<div class=\"css-175oi2r r-1awozwy r-18u37iz r-1wbh5a2 r-dnmrzs\">\n<div class=\"css-175oi2r r-1wbh5a2 r-dnmrzs\">\n<div class=\"css-175oi2r r-1awozwy r-18u37iz r-1wbh5a2 r-dnmrzs\">\n<div class=\"css-146c3p1 r-bcqeeo r-1ttztb7 r-qvutc0 r-37j5jr r-a023e6 r-rjixqe r-b88u0q r-1awozwy r-6koalj r-1udh08x r-3s2u2q\" dir=\"ltr\"><strong><span class=\"css-1jxf684 r-dnmrzs r-1udh08x r-1udbk01 r-3s2u2q r-bcqeeo r-1ttztb7 r-qvutc0 r-poiln3\"><span class=\"css-1jxf684 r-bcqeeo r-1ttztb7 r-qvutc0 r-poiln3\">BARCELONA S.C.<\/span><\/span><\/strong><\/div>\n<div class=\"css-146c3p1 r-bcqeeo r-1ttztb7 r-qvutc0 r-37j5jr r-a023e6 r-rjixqe r-16dba41 r-xoduu5 r-18u37iz r-1q142lx\" dir=\"ltr\"><\/div>\n<\/div>\n<\/div>\n<\/div>\n<div class=\"css-175oi2r r-18u37iz r-1wbh5a2 r-1ez5h0i\">\n<div class=\"css-175oi2r r-1d09ksm r-18u37iz r-1wbh5a2\">\n<div class=\"css-175oi2r r-1wbh5a2 r-dnmrzs\">\n<div class=\"css-146c3p1 r-dnmrzs r-1udh08x r-1udbk01 r-3s2u2q r-bcqeeo r-1ttztb7 r-qvutc0 r-37j5jr r-a023e6 r-rjixqe r-16dba41 r-18u37iz r-1wvb978\" dir=\"ltr\"><strong><span class=\"css-1jxf684 r-bcqeeo r-1ttztb7 r-qvutc0 r-poiln3\">@BarcelonaSC<\/span><\/strong><\/div>\n<\/div>\n<div class=\"css-146c3p1 r-bcqeeo r-1ttztb7 r-qvutc0 r-37j5jr r-a023e6 r-rjixqe r-16dba41 r-1q142lx r-n7gxbd\" dir=\"ltr\" aria-hidden=\"true\"><strong><span class=\"css-1jxf684 r-bcqeeo r-1ttztb7 r-qvutc0 r-poiln3\">\u00b7<\/span><\/strong><\/div>\n<div class=\"css-175oi2r r-18u37iz r-1q142lx\"><strong>Comunicado oficial : Johan Garcia<\/strong><\/div>\n<\/div>\n<\/div>\n<\/div>\n<\/div>\n<\/div>\n<\/div>\n<\/div>\n<p><img fetchpriority=\"high\" decoding=\"async\" class=\"\" src=\"https:\/\/pbs.twimg.com\/media\/HCXsv77WQAAv6Kh?format=jpg&amp;name=large\" alt=\"Imagen\" width=\"790\" height=\"988\" \/><\/p>\n<p><strong>Fuente:<\/strong> evafm.,net &#8211; ecuavisa.com<\/p>\n<p>&nbsp;<\/p>\n<p>&nbsp;<\/p>\n<div class=\"gsp_post_data\" \r\n\t            data-post_type=\"post\" \r\n\t            data-cat=\"deportes-ecuador,general\" \r\n\t            data-modified=\"120\"\r\n\t            data-created=\"1772537302\"\r\n\t            data-title=\"Johan Garc\u00eda y el tiempo estimado de recuperaci\u00f3n tras sufrir grave fractura de peron\u00e9\" \r\n\t            data-home=\"https:\/\/www.evafm.net\/sitio\"><\/div>","protected":false},"excerpt":{"rendered":"<p>Barcelona SC\u00a0recibi\u00f3 un duro golpe en la Fecha 2 de la\u00a0LigaPro Serie A 2026. El mediocampista Johan Garc\u00eda, canterano de 17 a\u00f1os y una de las principales promesas del club, sufri\u00f3 una grave lesi\u00f3n en la pierna izquierda durante el partido frente a\u00a0Deportivo Cuenca,\u00a0disputado el domingo en el estadio Alejandro Serrano Aguilar. La acci\u00f3n se&#8230;<\/p>\n","protected":false},"author":5,"featured_media":99697,"comment_status":"closed","ping_status":"open","sticky":false,"template":"","format":"standard","meta":{"_joinchat":[],"footnotes":""},"categories":[1557,1720],"tags":[],"class_list":["post-99696","post","type-post","status-publish","format-standard","has-post-thumbnail","hentry","category-deportes-ecuador","category-general","have-post-thumb"],"_links":{"self":[{"href":"https:\/\/www.evafm.net\/sitio\/wp-json\/wp\/v2\/posts\/99696","targetHints":{"allow":["GET"]}}],"collection":[{"href":"https:\/\/www.evafm.net\/sitio\/wp-json\/wp\/v2\/posts"}],"about":[{"href":"https:\/\/www.evafm.net\/sitio\/wp-json\/wp\/v2\/types\/post"}],"author":[{"embeddable":true,"href":"https:\/\/www.evafm.net\/sitio\/wp-json\/wp\/v2\/users\/5"}],"replies":[{"embeddable":true,"href":"https:\/\/www.evafm.net\/sitio\/wp-json\/wp\/v2\/comments?post=99696"}],"version-history":[{"count":1,"href":"https:\/\/www.evafm.net\/sitio\/wp-json\/wp\/v2\/posts\/99696\/revisions"}],"predecessor-version":[{"id":99698,"href":"https:\/\/www.evafm.net\/sitio\/wp-json\/wp\/v2\/posts\/99696\/revisions\/99698"}],"wp:featuredmedia":[{"embeddable":true,"href":"https:\/\/www.evafm.net\/sitio\/wp-json\/wp\/v2\/media\/99697"}],"wp:attachment":[{"href":"https:\/\/www.evafm.net\/sitio\/wp-json\/wp\/v2\/media?parent=99696"}],"wp:term":[{"taxonomy":"category","embeddable":true,"href":"https:\/\/www.evafm.net\/sitio\/wp-json\/wp\/v2\/categories?post=99696"},{"taxonomy":"post_tag","embeddable":true,"href":"https:\/\/www.evafm.net\/sitio\/wp-json\/wp\/v2\/tags?post=99696"}],"curies":[{"name":"wp","href":"https:\/\/api.w.org\/{rel}","templated":true}]}}