{"id":99722,"date":"2026-03-04T15:35:01","date_gmt":"2026-03-04T20:35:01","guid":{"rendered":"https:\/\/www.evafm.net\/sitio\/?p=99722"},"modified":"2026-03-04T15:35:14","modified_gmt":"2026-03-04T20:35:14","slug":"ecuador-confirmo-que-comenzo-a-realizar-operativos-con-estados-unidos-contra-el-terrorismo","status":"publish","type":"post","link":"https:\/\/www.evafm.net\/sitio\/ecuador-confirmo-que-comenzo-a-realizar-operativos-con-estados-unidos-contra-el-terrorismo\/","title":{"rendered":"Ecuador confirm\u00f3 que comenz\u00f3 a realizar operativos con Estados Unidos contra el terrorismo"},"content":{"rendered":"<p>Las Fuerzas Armadas de Estados Unidos y Ecuador<strong>\u00a0ejecutaron el martes 3 de febrero su<\/strong><a href=\"https:\/\/www.ecuavisa.com\/seguridad\/estados-unidos-ecuador-socio-contra-organizaciones-narcoterroristas-20260303-0116.html\" target=\"_blank\" rel=\"noopener\"><strong>\u00a0primera operaci\u00f3n conjunta contra organizaciones terrorist<\/strong>as<\/a>.<\/p>\n<p><strong>La noticia fue anunciada por el Comando Sur\u00a0<\/strong>de los EE. UU. y\u00a0<strong>fue confirmada este mi\u00e9rcoles por Henry Delgado<\/strong>, jefe del Comando Conjunto de las Fuerzas Armadas de Ecuador.<\/p>\n<p><strong>Desde la naci\u00f3n norteamericana detall\u00f3 que \u00abjuntos\u00bb tomaron medidas decisivas para enfrentar a los \u00abnarcoterroristas\u00bb<\/strong>, que durante mucho tiempo \u00abhan infligido terror, violencia<\/p>\n<p>y corrupci\u00f3n a los ciudadanos de todo el hemisferio\u00bb de la regi\u00f3n.<\/p>\n<p>&nbsp;<\/p>\n<p>\u00abEstas operaciones son un poderoso ejemplo del compromiso de los socios en Am\u00e9rica Latina y el Caribe para combatir el flagelo del narcoterrorismo\u00bb, continu\u00f3 el Comando Sur.<\/p>\n<p>Henry Delgado mencion\u00f3 en el Foro Internacional de Seguridad y Justicia Anti-Mafia Italiana\u00a0<strong>que el primer operativo se produjo un d\u00eda despu\u00e9s del encuentro entre el presidente <\/strong><\/p>\n<p><strong>Daniel Noboa,<\/strong>\u00a0y el comandante del Comando Sur de EE.UU., el general<strong> Francis L. Donovan.<\/strong><\/p>\n<p>\u201cY no vamos a amedrentarnos,<strong>\u00a0no vamos a intimidarnos ni nadie nos va a intimidar, porque estamos seguros que lo que estamos haciendo es justamente en beneficio de nuestro <\/strong><\/p>\n<p><strong>amado Ecuador<\/strong>\u201d, mencion\u00f3.<\/p>\n<p><strong>En el foro tambi\u00e9n se anunci\u00f3 que se est\u00e1n planificando operaciones muy fuertes en contra de la miner\u00eda ilegal<\/strong>.<\/p>\n<p>Tambi\u00e9n se precis\u00f3 que la colaboraci\u00f3n de Estados Unidos sobre la desarticulaci\u00f3n de una organizaci\u00f3n vinculada a la mafia albanesa no tiene relaci\u00f3n a las operaciones anunciadas por el<\/p>\n<p>Comando Sur.<\/p>\n<p>No se conoce detalles espec\u00edficos de los operativos realizados en conjunto a Ecuador. como el lugar.<\/p>\n<p>Lo que se ha descartado es que tropas estadounidenses hayan ingresado al Ecuador.<\/p>\n<p>Medios de Estados Unidos apuntan que la colaboraci\u00f3n de EE. UU. se limita al asesoramiento a las tropas ecuatorianas.<\/p>\n<p>Tras el encuentro del lunes<strong>, el Gobierno ecuatoriano a\u00f1adi\u00f3 que en el encuentro con el Comando Sur se destacaron iniciativas conjuntas para reforzar los controles<\/strong>, el intercambio<\/p>\n<p>de informaci\u00f3n y la coordinaci\u00f3n operativa, tanto en aeropuertos como en terminales portuarias, a fin de identificar riesgos y prevenir actividades delictivas.<strong>(I)<\/strong><\/p>\n<p><strong>Fuente<\/strong>: evafm.net &#8211; ecuavisa.com<\/p>\n<p>&nbsp;<\/p>\n<div class=\"gsp_post_data\" \r\n\t            data-post_type=\"post\" \r\n\t            data-cat=\"general,noticias-ecuador\" \r\n\t            data-modified=\"120\"\r\n\t            data-created=\"1772638501\"\r\n\t            data-title=\"Ecuador confirm\u00f3 que comenz\u00f3 a realizar operativos con Estados Unidos contra el terrorismo\" \r\n\t            data-home=\"https:\/\/www.evafm.net\/sitio\"><\/div>","protected":false},"excerpt":{"rendered":"<p>Las Fuerzas Armadas de Estados Unidos y Ecuador\u00a0ejecutaron el martes 3 de febrero su\u00a0primera operaci\u00f3n conjunta contra organizaciones terroristas. La noticia fue anunciada por el Comando Sur\u00a0de los EE. UU. y\u00a0fue confirmada este mi\u00e9rcoles por Henry Delgado, jefe del Comando Conjunto de las Fuerzas Armadas de Ecuador. Desde la naci\u00f3n norteamericana detall\u00f3 que \u00abjuntos\u00bb tomaron&#8230;<\/p>\n","protected":false},"author":5,"featured_media":99723,"comment_status":"closed","ping_status":"open","sticky":false,"template":"","format":"standard","meta":{"_joinchat":[],"footnotes":""},"categories":[1720,1558],"tags":[],"class_list":["post-99722","post","type-post","status-publish","format-standard","has-post-thumbnail","hentry","category-general","category-noticias-ecuador","have-post-thumb"],"_links":{"self":[{"href":"https:\/\/www.evafm.net\/sitio\/wp-json\/wp\/v2\/posts\/99722","targetHints":{"allow":["GET"]}}],"collection":[{"href":"https:\/\/www.evafm.net\/sitio\/wp-json\/wp\/v2\/posts"}],"about":[{"href":"https:\/\/www.evafm.net\/sitio\/wp-json\/wp\/v2\/types\/post"}],"author":[{"embeddable":true,"href":"https:\/\/www.evafm.net\/sitio\/wp-json\/wp\/v2\/users\/5"}],"replies":[{"embeddable":true,"href":"https:\/\/www.evafm.net\/sitio\/wp-json\/wp\/v2\/comments?post=99722"}],"version-history":[{"count":1,"href":"https:\/\/www.evafm.net\/sitio\/wp-json\/wp\/v2\/posts\/99722\/revisions"}],"predecessor-version":[{"id":99724,"href":"https:\/\/www.evafm.net\/sitio\/wp-json\/wp\/v2\/posts\/99722\/revisions\/99724"}],"wp:featuredmedia":[{"embeddable":true,"href":"https:\/\/www.evafm.net\/sitio\/wp-json\/wp\/v2\/media\/99723"}],"wp:attachment":[{"href":"https:\/\/www.evafm.net\/sitio\/wp-json\/wp\/v2\/media?parent=99722"}],"wp:term":[{"taxonomy":"category","embeddable":true,"href":"https:\/\/www.evafm.net\/sitio\/wp-json\/wp\/v2\/categories?post=99722"},{"taxonomy":"post_tag","embeddable":true,"href":"https:\/\/www.evafm.net\/sitio\/wp-json\/wp\/v2\/tags?post=99722"}],"curies":[{"name":"wp","href":"https:\/\/api.w.org\/{rel}","templated":true}]}}