{"id":99760,"date":"2026-03-04T17:32:08","date_gmt":"2026-03-04T22:32:08","guid":{"rendered":"https:\/\/www.evafm.net\/sitio\/?p=99760"},"modified":"2026-03-04T17:32:08","modified_gmt":"2026-03-04T22:32:08","slug":"asi-lucen-hoy-en-dia-los-hijos-de-elton-john-y-david-furnish","status":"publish","type":"post","link":"https:\/\/www.evafm.net\/sitio\/asi-lucen-hoy-en-dia-los-hijos-de-elton-john-y-david-furnish\/","title":{"rendered":"As\u00ed lucen hoy en d\u00eda los hijos de Elton John y David Furnish"},"content":{"rendered":"<p><strong><a title=\"https:\/\/www.infobae.com\/entretenimiento\/2025\/12\/22\/elton-john-celebra-su-20-aniversario-de-bodas-con-david-furnish-muchos-anos-mas-de-felicidad-por-venir\/\" href=\"https:\/\/www.infobae.com\/entretenimiento\/2025\/12\/22\/elton-john-celebra-su-20-aniversario-de-bodas-con-david-furnish-muchos-anos-mas-de-felicidad-por-venir\/\" target=\"_blank\" rel=\"noopener noreferrer\" data-mrf-link=\"https:\/\/www.infobae.com\/entretenimiento\/2025\/12\/22\/elton-john-celebra-su-20-aniversario-de-bodas-con-david-furnish-muchos-anos-mas-de-felicidad-por-venir\/\">Elton John y David Furnish<\/a>\u00a0<\/strong>posaron juntos en familia para un retrato que se exhibe en la<strong> National Portrait Gallery de Londres, Reino Unido.<\/strong><\/p>\n<p class=\"paragraph\" data-mrf-recirculation=\"Links inline\">Por primera vez en mucho tiempo es posible observar c\u00f3mo lucen actualmente sus hijos\u00a0<b>Zachary<\/b>, de 15 a\u00f1os, y\u00a0<b>Elijah<\/b>, de 13.<\/p>\n<div class=\"inline ad-wrapper\">\n<div class=\"dfpAd ad-inline\">La familia acept\u00f3 posar para un retrato realizado por la reconocida fot\u00f3grafa <b>Catherine Opie<\/b>, imagen que ya forma parte de la colecci\u00f3n permanente<\/div>\n<div><\/div>\n<div class=\"dfpAd ad-inline\">del museo y que ha sido destacada como un avance para la visibilidad familiar y cultural.<\/div>\n<\/div>\n<div><\/div>\n<div><\/div>\n<div>\n<p class=\"paragraph\" data-mrf-recirculation=\"Links inline\">En la fotograf\u00eda, Elton aparece reclinado en un sof\u00e1, vestido con un llamativo traje morado y lentes de cristales rosados, junto a su esposo David, quien lleva un conjunto verde.<\/p>\n<div class=\"inline_2_DSK ad-wrapper ad-desktop\">\n<div class=\"dfpAd ad-inline\">Los adolescentes, por su parte, se muestran relajados en camisetas negras: uno sentado en el brazo del sof\u00e1 y el otro en el suelo, jugando con uno de los labradores de la familia.<\/div>\n<\/div>\n<\/div>\n<div><\/div>\n<div><\/div>\n<div><\/div>\n<div>\n<p class=\"paragraph\" data-mrf-recirculation=\"Links inline\">La escena, ambientada en la amplia biblioteca de la residencia familiar en Old Windsor, ofrece una imagen de cotidianeidad y cercan\u00eda.<\/p>\n<p class=\"paragraph\" data-mrf-recirculation=\"Links inline\">Adem\u00e1s, el entorno del retrato fue cuidadosamente seleccionado.<\/p>\n<p class=\"paragraph\" data-mrf-recirculation=\"Links inline\">Las estanter\u00edas que enmarcan la escena est\u00e1n repletas de cientos de libros, principalmente biograf\u00edas de figuras culturales y pol\u00edticas que han influido en la historia contempor\u00e1nea.<\/p>\n<p class=\"paragraph\" data-mrf-recirculation=\"Links inline\">Entre los t\u00edtulos aparecen nombres como Andy Warhol, Bruce Lee, Robert De Niro, David Hockney, Tina Turner, Michael Caine, Beethoven, Prince,\u00a0<i>The Beatles<\/i>, Madonna, Oscar Wilde<\/p>\n<p class=\"paragraph\" data-mrf-recirculation=\"Links inline\">Gary Barlow y Monty Don.<\/p>\n<p class=\"paragraph\" data-mrf-recirculation=\"Links inline\">Junto a ellos, vol\u00famenes sobre\u00a0<b>historia LGBT<\/b>, l\u00edderes pol\u00edticos como Winston Churchill, Tony Blair, Nelson Mandela, Gandhi y figuras del deporte como Troy Deeney, del club Watford FC<\/p>\n<p class=\"paragraph\" data-mrf-recirculation=\"Links inline\">\u2014una de las pasiones de Elton John\u2014, muestran los intereses y la diversidad intelectual del hogar.<\/p>\n<\/div>\n<p class=\"paragraph\" data-mrf-recirculation=\"Links inline\">Seg\u00fan la galer\u00eda londinense, la obra tiene un valor simb\u00f3lico al reunir a un artista y a sus retratados en celebraci\u00f3n de la representaci\u00f3n LGBTQ+, el trabajo filantr\u00f3pico y el arte fotogr\u00e1fico<\/p>\n<p class=\"paragraph\" data-mrf-recirculation=\"Links inline\">de gran prestigio.<\/p>\n<p class=\"paragraph\" data-mrf-recirculation=\"Links inline\">La imagen fue colgada en la sala Mary Weston junto a retratos de otras personalidades como<\/p>\n<p data-mrf-recirculation=\"Links inline\">\n<p class=\"paragraph\" data-mrf-recirculation=\"Links inline\"><b>David Beckham<\/b>,\u00a0<b>Judi Dench<\/b>,\u00a0<b>Amy Winehouse<\/b>\u00a0y\u00a0<b>Letitia Wright<\/b>, integrando a la familia John-Furnish en el imaginario social brit\u00e1nico.<\/p>\n<p class=\"paragraph\" data-mrf-recirculation=\"Links inline\"><b>Elton John\u00a0<\/b>y\u00a0<b>David Furnish<\/b>, en una declaraci\u00f3n conjunta, destacaron el honor que implica la experiencia de ser retratados por Catherine Opie y exhibidos en la National Portrait Gallery.<\/p>\n<p class=\"paragraph\" data-mrf-recirculation=\"Links inline\">\u201cSomos grandes admiradores de su trabajo y nos sentimos orgullosos de tener sus im\u00e1genes bellas y conmovedoras en nuestra colecci\u00f3n\u201d, expresaron.<\/p>\n<p class=\"paragraph\" data-mrf-recirculation=\"Links inline\">Cabe destacar que la necesidad de preservar la intimidad ha sido una constante en la familia desde el\u00a0<b>nacimiento de los ni\u00f1os por gestaci\u00f3n subrogada<\/b>.<\/p>\n<p data-mrf-recirculation=\"Links inline\">\n<p class=\"paragraph\" data-mrf-recirculation=\"Links inline\">La pareja opt\u00f3 por limitar las apariciones p\u00fablicas de los menores, haciendo de este retrato una excepci\u00f3n.<\/p>\n<p class=\"paragraph\" data-mrf-recirculation=\"Links inline\">Catherine Opie, la fot\u00f3grafa responsable del retrato, relat\u00f3 que lleg\u00f3 a la casa de Elton y David tres d\u00edas antes de Navidad, conoci\u00f3 a los chicos y a los perros y, tras un almuerzo en familia<\/p>\n<p class=\"paragraph\" data-mrf-recirculation=\"Links inline\">realiz\u00f3 la sesi\u00f3n en la biblioteca.<\/p>\n<p class=\"paragraph\" data-mrf-recirculation=\"Links inline\">\u201cEs realmente un honor fotografiar a Elton, David, Zachary y Elijah. Para m\u00ed, representa la humanidad de lo que puede ser una familia\u201d, asegur\u00f3 Opie.<\/p>\n<p class=\"paragraph\" data-mrf-recirculation=\"Links inline\">El ambiente \u00edntimo y la cercan\u00eda lograda durante la sesi\u00f3n se traducen en el resultado final, donde cada miembro ocupa un lugar destacado sin perder la armon\u00eda en la composici\u00f3n.<\/p>\n<p class=\"paragraph\" data-mrf-recirculation=\"Links inline\">En diversas entrevistas,\u00a0<b>Elton John\u00a0<\/b>comparti\u00f3 c\u00f3mo la experiencia de ser padre cambi\u00f3 su vida.<\/p>\n<p data-mrf-recirculation=\"Links inline\">\n<p class=\"paragraph\" data-mrf-recirculation=\"Links inline\">Durante su paso por\u00a0<i>The Ellen DeGeneres Show<\/i>\u00a0en 2016, el artista coment\u00f3 con iron\u00eda:<\/p>\n<p class=\"paragraph\" data-mrf-recirculation=\"Links inline\">\u201cSi me hubieran dicho hace diez a\u00f1os que estar\u00eda sentado en tu programa, casado con el hombre que amo y con dos hijos hermosos, habr\u00eda pensado que me hab\u00edan puesto \u00e1cido en la bebida\u201d.<\/p>\n<p class=\"paragraph\" data-mrf-recirculation=\"Links inline\">En la misma conversaci\u00f3n, el m\u00fasico detall\u00f3 el impacto de la llegada de sus hijos: la vida, seg\u00fan Elton, \u201cte lanza desaf\u00edos y sorpresas \u2014grandes sorpresas\u2014 y estos dos ni\u00f1os han llegado en un momento en el que\u00a0<b>jam\u00e1s pens\u00e9 que tendr\u00eda hijos<\/b>\u201d.<\/p>\n<p class=\"paragraph\" data-mrf-recirculation=\"Links inline\">Y a\u00f1adi\u00f3: \u201cNo hay palabras para describir cu\u00e1nto amamos a estos chicos. Son simplemente incre\u00edbles\u201d.<\/p>\n<p class=\"paragraph\" data-mrf-recirculation=\"Links inline\"><b>Elton John<\/b>, de 78 a\u00f1os,<b>\u00a0<\/b>y\u00a0<b>David Furnish<\/b>, de 63,<b>\u00a0<\/b>formalizaron su relaci\u00f3n con una uni\u00f3n civil en 2005 y<b>\u00a0se casaron en 2014<\/b>. <strong>(E)<\/strong><\/p>\n<p data-mrf-recirculation=\"Links inline\"><img fetchpriority=\"high\" decoding=\"async\" class=\"global-image\" src=\"https:\/\/www.infobae.com\/resizer\/v2\/KQ3PIDXCU5BFTGOOOFD5PPR7TI.jpg?auth=740440bf7a5be1cfb7579ed57cc1a7da9d6eb8ae0931db5c769301cd01ae8478&amp;smart=true&amp;width=350&amp;height=235&amp;quality=85\" alt=\"La pareja posa junto a\" width=\"830\" height=\"557\" \/><\/p>\n<p data-mrf-recirculation=\"Links inline\">La pareja posa junto a sus hijos Zachary y Elijah, de 15 y 13 a\u00f1os, en un retrato familiar in\u00e9dito en la<\/p>\n<p data-mrf-recirculation=\"Links inline\">National Portrait Gallery de Londres<\/p>\n<p data-mrf-recirculation=\"Links inline\">(National Portrait Gallery\/Catherine Opie, Regen Projects and Thomas Dane Gallery)<\/p>\n<p data-mrf-recirculation=\"Links inline\">\n<p data-mrf-recirculation=\"Links inline\"><img decoding=\"async\" class=\"global-image\" src=\"https:\/\/www.infobae.com\/resizer\/v2\/QYKMLUJTSMTTNOCPOMMBA2KQB4.jpg?auth=3d5550fc1b5c6d8c6668217932f6ab363b760f654f4dfe849202eb4a10c394fb&amp;smart=true&amp;width=350&amp;height=233&amp;quality=85\" alt=\"Elton y Furnish subrayan el\" width=\"864\" height=\"575\" \/>E<\/p>\n<p data-mrf-recirculation=\"Links inline\">lton y Furnish subrayan el orgullo de ser retratados por Catherine Opie y la importancia de celebrar la representaci\u00f3n<\/p>\n<p data-mrf-recirculation=\"Links inline\">y los valores LGBTQ+ en el arte (REUTERS\/Jeenah Moon)<\/p>\n<p data-mrf-recirculation=\"Links inline\">\n<p data-mrf-recirculation=\"Links inline\"><strong>Fuente:<\/strong> evafm.net &#8211; infobae.com<\/p>\n<p data-mrf-recirculation=\"Links inline\">\n<p data-mrf-recirculation=\"Links inline\">\n<div><\/div>\n<div class=\"gsp_post_data\" \r\n\t            data-post_type=\"post\" \r\n\t            data-cat=\"farandula-internacional,general\" \r\n\t            data-modified=\"120\"\r\n\t            data-created=\"1772645528\"\r\n\t            data-title=\"As\u00ed lucen hoy en d\u00eda los hijos de Elton John y David Furnish\" \r\n\t            data-home=\"https:\/\/www.evafm.net\/sitio\"><\/div>","protected":false},"excerpt":{"rendered":"<p>Elton John y David Furnish\u00a0posaron juntos en familia para un retrato que se exhibe en la National Portrait Gallery de Londres, Reino Unido. Por primera vez en mucho tiempo es posible observar c\u00f3mo lucen actualmente sus hijos\u00a0Zachary, de 15 a\u00f1os, y\u00a0Elijah, de 13. La familia acept\u00f3 posar para un retrato realizado por la reconocida fot\u00f3grafa&#8230;<\/p>\n","protected":false},"author":5,"featured_media":99761,"comment_status":"closed","ping_status":"open","sticky":false,"template":"","format":"standard","meta":{"_joinchat":[],"footnotes":""},"categories":[1346,1720],"tags":[],"class_list":["post-99760","post","type-post","status-publish","format-standard","has-post-thumbnail","hentry","category-farandula-internacional","category-general","have-post-thumb"],"_links":{"self":[{"href":"https:\/\/www.evafm.net\/sitio\/wp-json\/wp\/v2\/posts\/99760","targetHints":{"allow":["GET"]}}],"collection":[{"href":"https:\/\/www.evafm.net\/sitio\/wp-json\/wp\/v2\/posts"}],"about":[{"href":"https:\/\/www.evafm.net\/sitio\/wp-json\/wp\/v2\/types\/post"}],"author":[{"embeddable":true,"href":"https:\/\/www.evafm.net\/sitio\/wp-json\/wp\/v2\/users\/5"}],"replies":[{"embeddable":true,"href":"https:\/\/www.evafm.net\/sitio\/wp-json\/wp\/v2\/comments?post=99760"}],"version-history":[{"count":1,"href":"https:\/\/www.evafm.net\/sitio\/wp-json\/wp\/v2\/posts\/99760\/revisions"}],"predecessor-version":[{"id":99762,"href":"https:\/\/www.evafm.net\/sitio\/wp-json\/wp\/v2\/posts\/99760\/revisions\/99762"}],"wp:featuredmedia":[{"embeddable":true,"href":"https:\/\/www.evafm.net\/sitio\/wp-json\/wp\/v2\/media\/99761"}],"wp:attachment":[{"href":"https:\/\/www.evafm.net\/sitio\/wp-json\/wp\/v2\/media?parent=99760"}],"wp:term":[{"taxonomy":"category","embeddable":true,"href":"https:\/\/www.evafm.net\/sitio\/wp-json\/wp\/v2\/categories?post=99760"},{"taxonomy":"post_tag","embeddable":true,"href":"https:\/\/www.evafm.net\/sitio\/wp-json\/wp\/v2\/tags?post=99760"}],"curies":[{"name":"wp","href":"https:\/\/api.w.org\/{rel}","templated":true}]}}