{"id":99763,"date":"2026-03-05T11:30:11","date_gmt":"2026-03-05T16:30:11","guid":{"rendered":"https:\/\/www.evafm.net\/sitio\/?p=99763"},"modified":"2026-03-05T11:30:11","modified_gmt":"2026-03-05T16:30:11","slug":"mediante-decreto-noboa-confirma-su-asistencia-a-cumbre-de-trump","status":"publish","type":"post","link":"https:\/\/www.evafm.net\/sitio\/mediante-decreto-noboa-confirma-su-asistencia-a-cumbre-de-trump\/","title":{"rendered":"Mediante decreto, Noboa confirma su asistencia a cumbre de Trump"},"content":{"rendered":"<p>Mediante el Decreto Ejecutivo 319, el presidente de la Rep\u00fablica,\u00a0<a href=\"https:\/\/www.ecuavisa.com\/codigo-rojas\/noboa-rompe-relaciones-cuba-chat-cancilleria-fue-hervidero-20260304-0091.html\" target=\"_blank\" rel=\"noopener\"><strong>Daniel Noboa<\/strong><\/a>, confirm\u00f3 que estar\u00e1 fuera del pa\u00eds entre el<strong> viernes 6 y el domingo 8 de marzo. <\/strong><\/p>\n<p>El mandatario viajar\u00e1 a\u00a0<strong>Estados Unidos<\/strong>\u00a0para participar, el s\u00e1bado, en una cumbre convocada en Miami por el presidente estadounidense,\u00a0<strong>Donald Trump<\/strong>.<\/p>\n<p>Noboa es uno de los once jefes de Estado confirmados para la cita, denominada \u201cEscudo de las Am\u00e9ricas\u201d, a la que han sido invitados l\u00edderes considerados<\/p>\n<p>aliados ideol\u00f3gicos de Trump.<\/p>\n<p>Adem\u00e1s del presidente ecuatoriano, han confirmado su participaci\u00f3n el argentino\u00a0<strong>Javier Milei<\/strong>, el chileno\u00a0<strong>Jos\u00e9 Antonio Kast<\/strong>, el boliviano\u00a0<strong>Rodrigo Paz<\/strong>,<\/p>\n<p>el costarricense\u00a0<strong>Rodrigo Chaves<\/strong>, el dominicano\u00a0<strong>Luis Abinader<\/strong>, el salvadore\u00f1o\u00a0<strong>Nayib Bukele<\/strong>, el hondure\u00f1o\u00a0<strong>Nasry Asfura<\/strong>, el paname\u00f1o\u00a0<strong>Jos\u00e9 Ra\u00fal Mulino<\/strong><\/p>\n<p>el paraguayo <strong>Santiago Pe\u00f1a<\/strong>\u00a0y la primera ministra de Trinidad y Tobago,\u00a0<strong>Kamla Persad-Bissessar<\/strong>.<\/p>\n<p>La Secretar\u00eda General de la Administraci\u00f3n P\u00fablica de la Presidencia de Ecuador deber\u00e1 definir la comitiva de ministros y secretarios que acompa\u00f1ar\u00e1 al<\/p>\n<p>presidente en este viaje oficial.<strong>(I)<\/strong><\/p>\n<p><strong>Fuente:<\/strong> evafm.net &#8211; ecuavisa.com<\/p>\n<div class=\"gsp_post_data\" \r\n\t            data-post_type=\"post\" \r\n\t            data-cat=\"general,noticias-ecuador\" \r\n\t            data-modified=\"120\"\r\n\t            data-created=\"1772710211\"\r\n\t            data-title=\"Mediante decreto, Noboa confirma su asistencia a cumbre de Trump\" \r\n\t            data-home=\"https:\/\/www.evafm.net\/sitio\"><\/div>","protected":false},"excerpt":{"rendered":"<p>Mediante el Decreto Ejecutivo 319, el presidente de la Rep\u00fablica,\u00a0Daniel Noboa, confirm\u00f3 que estar\u00e1 fuera del pa\u00eds entre el viernes 6 y el domingo 8 de marzo. El mandatario viajar\u00e1 a\u00a0Estados Unidos\u00a0para participar, el s\u00e1bado, en una cumbre convocada en Miami por el presidente estadounidense,\u00a0Donald Trump. Noboa es uno de los once jefes de Estado&#8230;<\/p>\n","protected":false},"author":5,"featured_media":99764,"comment_status":"closed","ping_status":"open","sticky":false,"template":"","format":"standard","meta":{"_joinchat":[],"footnotes":""},"categories":[1720,1558],"tags":[],"class_list":["post-99763","post","type-post","status-publish","format-standard","has-post-thumbnail","hentry","category-general","category-noticias-ecuador","have-post-thumb"],"_links":{"self":[{"href":"https:\/\/www.evafm.net\/sitio\/wp-json\/wp\/v2\/posts\/99763","targetHints":{"allow":["GET"]}}],"collection":[{"href":"https:\/\/www.evafm.net\/sitio\/wp-json\/wp\/v2\/posts"}],"about":[{"href":"https:\/\/www.evafm.net\/sitio\/wp-json\/wp\/v2\/types\/post"}],"author":[{"embeddable":true,"href":"https:\/\/www.evafm.net\/sitio\/wp-json\/wp\/v2\/users\/5"}],"replies":[{"embeddable":true,"href":"https:\/\/www.evafm.net\/sitio\/wp-json\/wp\/v2\/comments?post=99763"}],"version-history":[{"count":1,"href":"https:\/\/www.evafm.net\/sitio\/wp-json\/wp\/v2\/posts\/99763\/revisions"}],"predecessor-version":[{"id":99765,"href":"https:\/\/www.evafm.net\/sitio\/wp-json\/wp\/v2\/posts\/99763\/revisions\/99765"}],"wp:featuredmedia":[{"embeddable":true,"href":"https:\/\/www.evafm.net\/sitio\/wp-json\/wp\/v2\/media\/99764"}],"wp:attachment":[{"href":"https:\/\/www.evafm.net\/sitio\/wp-json\/wp\/v2\/media?parent=99763"}],"wp:term":[{"taxonomy":"category","embeddable":true,"href":"https:\/\/www.evafm.net\/sitio\/wp-json\/wp\/v2\/categories?post=99763"},{"taxonomy":"post_tag","embeddable":true,"href":"https:\/\/www.evafm.net\/sitio\/wp-json\/wp\/v2\/tags?post=99763"}],"curies":[{"name":"wp","href":"https:\/\/api.w.org\/{rel}","templated":true}]}}