{"id":99778,"date":"2026-03-05T13:30:11","date_gmt":"2026-03-05T18:30:11","guid":{"rendered":"https:\/\/www.evafm.net\/sitio\/?p=99778"},"modified":"2026-03-05T13:30:11","modified_gmt":"2026-03-05T18:30:11","slug":"se-suspendieron-las-elecciones-de-la-federacion-ecuatoriana-de-futbol","status":"publish","type":"post","link":"https:\/\/www.evafm.net\/sitio\/se-suspendieron-las-elecciones-de-la-federacion-ecuatoriana-de-futbol\/","title":{"rendered":"se suspendieron las elecciones de la Federaci\u00f3n Ecuatoriana de F\u00fatbol"},"content":{"rendered":"<div id=\"element-body-0\" class=\"sc-136cd478-0 ekTCfV\">\n<p>Las elecciones en la\u00a0<strong><a title=\"Federaci\u00f3n Ecuatoriana de F\u00fatbol\" href=\"https:\/\/www.ole.com.ar\/tema\/federacion-ecuatoriana-futbol.html\" target=\"_blank\" rel=\"noopener\">Federaci\u00f3n Ecuatoriana de F\u00fatbol<\/a><\/strong>\u00a0estuvieron en el ojo de la pol\u00e9mica durante las \u00faltimas semanas.<\/p>\n<p>Es que, frente a frente, se encuentran dos posiciones totalmente distintas:\u00a0<strong>la del oficialismo de\u00a0<a title=\"Francisco Egas\" href=\"https:\/\/www.ole.com.ar\/tema\/franciso-egas.html\" target=\"_blank\" rel=\"noopener\">Francisco Egas<\/a>, que va por su tercer mandato, frente a la oposici\u00f3n de\u00a0<a title=\"Esteban Paz\" href=\"https:\/\/www.ole.com.ar\/ecuador\/la-tri\/esteban-paz-reclamo-fef-elecciones-lista-ecuador-francisco-egas-conferencia-prensa_0_iE2hy7ywdq.html\" target=\"_blank\" rel=\"noopener\">Esteban Paz<\/a><\/strong>.<\/p>\n<p>Y frente a las reiteradas denuncias por irregularidades, el ex presidente de Leones FC recurri\u00f3 a un\u00a0<strong>recurso jur\u00eddico\u00a0<\/strong>que trajo consecuencias inmediatas&#8230;<\/p>\n<\/div>\n<div id=\"element-body-1\" class=\"sc-136cd478-0 ekTCfV\">\n<p>Este jueves 5 de marzo, se confirm\u00f3 que la Justicia ecuatoriana decidi\u00f3\u00a0<strong>suspender las elecciones para presidente de la FEF<\/strong>, al considerar que \u00abexisten elementos que podr\u00edan afectar<\/p>\n<p>derechos\u00bb, seg\u00fan expres\u00f3 Paz en un comunicado desde sus redes sociales.<\/p>\n<\/div>\n<div id=\"element-body-2\" class=\"sc-136cd478-0 ekTCfV\">\n<p>El recurso presentado por el candidato opositor &#8211;<a title=\"cuya lista hab\u00eda sido dada de baja por &quot;no alcanzar las firmas requeridas&quot;\" href=\"https:\/\/www.ole.com.ar\/ecuador\/la-tri\/elecciones-fef-federacion-ecuatoriana-futbol-admitio-lista-esteban-paz-francisco-egas-candidato-unico_0_zzwysW1nMY.html\" target=\"_blank\" rel=\"noopener\">cuya lista hab\u00eda sido dada de baja por \u00abno alcanzar las firmas requeridas\u00bb<\/a>&#8211; es el\u00a0<strong>Habeas Data<\/strong>, que en l\u00edneas generales exige la<\/p>\n<p><strong>transparencia en el proceso electoral<\/strong>.<\/p>\n<p>La acci\u00f3n legal hab\u00eda sido presentada por Paz la semana pasada, para que finalmente la decisi\u00f3n se conozca ocho d\u00edas despu\u00e9s<strong>.<\/strong><\/p>\n<p>De este modo, las elecciones de la FEF para el periodo 2027-2031, que <strong>iban a llevarse a cabo el d\u00eda martes 17 de marzo<\/strong>\u00a0en Guayaquil,\u00a0<strong>quedan suspendidas, sin fecha a\u00fan<\/strong><\/p>\n<\/div>\n<p><strong>para su realizaci\u00f3n.<\/strong> \u00bfHabr\u00e1 nueva fecha para el acto en las pr\u00f3ximas horas?. <strong>(D)<\/strong><\/p>\n<div id=\"element-body-2\" class=\"sc-136cd478-0 ekTCfV\">\n<div class=\"css-1dbjc4n\">\n<div class=\"css-901oao r-18jsvk2 r-1dqbpge r-1qd0xha r-adyw6z r-16dba41 r-135wba7 r-bcqeeo r-bnwqim r-qvutc0\" dir=\"auto\" lang=\"es\" data-testid=\"tweetText\"><\/div>\n<\/div>\n<\/div>\n<p><img fetchpriority=\"high\" decoding=\"async\" class=\"\" src=\"https:\/\/www.ole.com.ar\/images\/2026\/03\/05\/Pd2_Hj17C_720x0__1.jpg\" alt=\"La resoluci\u00f3n de la Justicia sobre la suspensi\u00f3n de las elecciones en la FEF.\" width=\"862\" height=\"723\" \/><\/p>\n<div class=\"css-1dbjc4n r-18u37iz r-kzbkwu\">\n<div class=\"css-1dbjc4n r-eqz5dr r-1777fci r-4amgru r-1kh6xel\">\n<div class=\"css-1dbjc4n r-1ny4l3l\">\n<div class=\"css-1dbjc4n r-1wbh5a2 r-dnmrzs r-1ny4l3l\">\n<div class=\"css-1dbjc4n r-1wbh5a2 r-dnmrzs r-1ny4l3l\">\n<div class=\"css-1dbjc4n r-1awozwy r-18u37iz r-dnmrzs\">\n<div dir=\"auto\"><\/div>\n<div class=\"css-901oao r-1awozwy r-18jsvk2 r-6koalj r-1qd0xha r-a023e6 r-b88u0q r-rjixqe r-bcqeeo r-1udh08x r-3s2u2q r-qvutc0\" dir=\"auto\"><strong><span class=\"css-901oao css-16my406 css-1hf3ou5 r-poiln3 r-bcqeeo r-qvutc0\"><span class=\"css-901oao css-16my406 r-poiln3 r-bcqeeo r-qvutc0\">Esteban Paz<\/span><\/span><\/strong><\/div>\n<div class=\"css-901oao r-18jsvk2 r-xoduu5 r-18u37iz r-1q142lx r-1qd0xha r-a023e6 r-16dba41 r-rjixqe r-bcqeeo r-qvutc0\" dir=\"auto\"><\/div>\n<\/div>\n<div class=\"css-1dbjc4n r-1awozwy r-18u37iz r-1wbh5a2\">\n<div class=\"css-1dbjc4n\">\n<div class=\"css-901oao css-1hf3ou5 r-14j79pv r-18u37iz r-1qd0xha r-1wvb978 r-a023e6 r-16dba41 r-rjixqe r-bcqeeo r-qvutc0\" dir=\"ltr\"><strong><span class=\"css-901oao css-16my406 r-poiln3 r-bcqeeo r-qvutc0\">@EstebanPazR<\/span><\/strong><\/div>\n<\/div>\n<div class=\"css-1dbjc4n r-18u37iz r-1q142lx\">\n<div class=\"css-901oao r-14j79pv r-1q142lx r-1qd0xha r-a023e6 r-16dba41 r-rjixqe r-bcqeeo r-s1qlax r-qvutc0\" dir=\"auto\" aria-hidden=\"true\"><span class=\"css-901oao css-16my406 r-poiln3 r-bcqeeo r-qvutc0\">\u00b7<\/span><\/div>\n<\/div>\n<\/div>\n<\/div>\n<\/div>\n<\/div>\n<\/div>\n<\/div>\n<div class=\"css-1dbjc4n\">\n<div class=\"css-901oao r-18jsvk2 r-1dqbpge r-1qd0xha r-adyw6z r-16dba41 r-135wba7 r-bcqeeo r-bnwqim r-qvutc0\" dir=\"auto\" lang=\"es\" data-testid=\"tweetText\"><strong><span class=\"css-901oao css-16my406 r-poiln3 r-bcqeeo r-qvutc0\">Empieza a brillar la justicia!<\/span><\/strong><\/div>\n<\/div>\n<p>&nbsp;<\/p>\n<p><img decoding=\"async\" src=\"https:\/\/www.ole.com.ar\/images\/2026\/03\/05\/aBtkkjCXz_720x0__1.jpg\" alt=\"El comunicado de Esteban Paz tras la suspensi\u00f3n de las elecciones en la FEF (X: @EstebanPazR)\" \/><\/p>\n<p><strong>Fuente:<\/strong> evafm.net &#8211; ole.com.ar<\/p>\n<p>&nbsp;<\/p>\n<div class=\"gsp_post_data\" \r\n\t            data-post_type=\"post\" \r\n\t            data-cat=\"deportes-ecuador\" \r\n\t            data-modified=\"120\"\r\n\t            data-created=\"1772717411\"\r\n\t            data-title=\"se suspendieron las elecciones de la Federaci\u00f3n Ecuatoriana de F\u00fatbol\" \r\n\t            data-home=\"https:\/\/www.evafm.net\/sitio\"><\/div>","protected":false},"excerpt":{"rendered":"<p>Las elecciones en la\u00a0Federaci\u00f3n Ecuatoriana de F\u00fatbol\u00a0estuvieron en el ojo de la pol\u00e9mica durante las \u00faltimas semanas. Es que, frente a frente, se encuentran dos posiciones totalmente distintas:\u00a0la del oficialismo de\u00a0Francisco Egas, que va por su tercer mandato, frente a la oposici\u00f3n de\u00a0Esteban Paz. Y frente a las reiteradas denuncias por irregularidades, el ex presidente&#8230;<\/p>\n","protected":false},"author":5,"featured_media":99779,"comment_status":"closed","ping_status":"open","sticky":false,"template":"","format":"standard","meta":{"_joinchat":[],"footnotes":""},"categories":[1557],"tags":[],"class_list":["post-99778","post","type-post","status-publish","format-standard","has-post-thumbnail","hentry","category-deportes-ecuador","have-post-thumb"],"_links":{"self":[{"href":"https:\/\/www.evafm.net\/sitio\/wp-json\/wp\/v2\/posts\/99778","targetHints":{"allow":["GET"]}}],"collection":[{"href":"https:\/\/www.evafm.net\/sitio\/wp-json\/wp\/v2\/posts"}],"about":[{"href":"https:\/\/www.evafm.net\/sitio\/wp-json\/wp\/v2\/types\/post"}],"author":[{"embeddable":true,"href":"https:\/\/www.evafm.net\/sitio\/wp-json\/wp\/v2\/users\/5"}],"replies":[{"embeddable":true,"href":"https:\/\/www.evafm.net\/sitio\/wp-json\/wp\/v2\/comments?post=99778"}],"version-history":[{"count":1,"href":"https:\/\/www.evafm.net\/sitio\/wp-json\/wp\/v2\/posts\/99778\/revisions"}],"predecessor-version":[{"id":99780,"href":"https:\/\/www.evafm.net\/sitio\/wp-json\/wp\/v2\/posts\/99778\/revisions\/99780"}],"wp:featuredmedia":[{"embeddable":true,"href":"https:\/\/www.evafm.net\/sitio\/wp-json\/wp\/v2\/media\/99779"}],"wp:attachment":[{"href":"https:\/\/www.evafm.net\/sitio\/wp-json\/wp\/v2\/media?parent=99778"}],"wp:term":[{"taxonomy":"category","embeddable":true,"href":"https:\/\/www.evafm.net\/sitio\/wp-json\/wp\/v2\/categories?post=99778"},{"taxonomy":"post_tag","embeddable":true,"href":"https:\/\/www.evafm.net\/sitio\/wp-json\/wp\/v2\/tags?post=99778"}],"curies":[{"name":"wp","href":"https:\/\/api.w.org\/{rel}","templated":true}]}}