{"id":99781,"date":"2026-03-05T15:32:47","date_gmt":"2026-03-05T20:32:47","guid":{"rendered":"https:\/\/www.evafm.net\/sitio\/?p=99781"},"modified":"2026-03-05T15:32:47","modified_gmt":"2026-03-05T20:32:47","slug":"mateo-maccari-sobre-lesion-de-johan-garcia","status":"publish","type":"post","link":"https:\/\/www.evafm.net\/sitio\/mateo-maccari-sobre-lesion-de-johan-garcia\/","title":{"rendered":"Mateo Maccari sobre lesi\u00f3n de Johan Garcia"},"content":{"rendered":"<p>Durante la segunda fecha de la\u00a0<a href=\"https:\/\/www.ecuavisa.com\/metadatos\/-\/meta\/Liga-Pro\" target=\"_blank\" rel=\"noopener\">LigaPro<\/a>\u00a0entre Deportivo Cuenca y\u00a0<a href=\"https:\/\/www.ecuavisa.com\/metadatos\/-\/meta\/barcelona-sc\" target=\"_blank\" rel=\"noopener\">Barcelona SC<\/a>, Johan\u00a0<strong>Garc\u00eda sufri\u00f3 una fractura de peron\u00e9<\/strong>, tras un cruce de Mateo Maccari, y el argentino se pronunci\u00f3 por el incidente.<\/p>\n<p>Despu\u00e9s de varios d\u00edas de silencio, el jugador de los morlacos entendi\u00f3 que\u00a0<strong>los toreros estaban en su derecho de pedir la m\u00e1xima sanci\u00f3n<\/strong>, adem\u00e1s de explicar su silencio.<\/p>\n<p>\u201c<a href=\"https:\/\/www.ecuavisa.com\/futbol-nacional\/cesar-farias-solicito-sancion-jugador-deportivo-cuenca-lesiono-johan-garcia-20260302-0024.html\" target=\"_blank\" rel=\"noopener\">Barcelona SC est\u00e1 en su derecho de pedir la m\u00e1xima sanci\u00f3n<\/a>.<strong><mark> No ped\u00ed disculpas p\u00fablicas porque no lo sent\u00ed necesario<\/mark>\u201d<\/strong>, coment\u00f3 Maccari en Radio Activo.<\/p>\n<p>El defensor argentino quiso cortar con la especulaci\u00f3n de si lo hizo a prop\u00f3sito; sin embargo,<strong>\u00a0Maccari lament\u00f3 el incidente<\/strong>\u00a0y aclar\u00f3 los hechos para detener los rumores de su intenci\u00f3n.<\/p>\n<p>&nbsp;<\/p>\n<p>\u201cSe habl\u00f3 mucho de si fue de mala fe o no.\u00a0<mark>El d\u00eda que entre a una cancha a hacer da\u00f1o ser\u00e1 el d\u00eda que me retire<\/mark>.<\/p>\n<p>Fue una jugada desafortunada y lastimosamente lastim\u00e9 a un colega\u201d, explic\u00f3 el <strong>volante de 25 a\u00f1os.<\/strong><\/p>\n<p><strong>\u201cTrate de no leer las redes sociales, sino intent\u00e9 estar cerca de mis compa\u00f1eros y de mi familia\u201d<\/strong><\/p>\n<p>&nbsp;<\/p>\n<p>Finalmente, Maccari revel\u00f3 que \u201c<strong>le ped\u00ed disculpas a Johan y le deseo una pronta recuperaci\u00f3n<\/strong>\u00a0para que vuelva pronto a las canchas\u201d, cerr\u00f3 el argentino.<\/p>\n<p>Por la lesi\u00f3n,\u00a0<a href=\"https:\/\/www.ecuavisa.com\/futbol-nacional\/johan-garcia-y-el-tiempo-estimado-de-recuperacion-tras-sufrir-grave-fractura-de-perone-20260302-0060.html\" target=\"_blank\" rel=\"noopener\"><strong>Johan estar\u00e1 lesionado por alrededor de cuatro o cinco meses<\/strong><\/a>\u00a0por la fractura. El jugador fue operado el lunes 2 de marzo en Guayaquil, tras su lesi\u00f3n en Cuenca.<\/p>\n<p>Hasta ahora, el jugador de 17 a\u00f1os disput\u00f3 14 encuentros con Barcelona SC, tras su debut en 2025 con Ismael Rescalvo como entrenador.<strong>(D)<\/strong><\/p>\n<p><strong>Fuente:<\/strong> evafm.net &#8211; ecuavisa.com<\/p>\n<div class=\"gsp_post_data\" \r\n\t            data-post_type=\"post\" \r\n\t            data-cat=\"deportes-ecuador\" \r\n\t            data-modified=\"120\"\r\n\t            data-created=\"1772724767\"\r\n\t            data-title=\"Mateo Maccari sobre lesi\u00f3n de Johan Garcia\" \r\n\t            data-home=\"https:\/\/www.evafm.net\/sitio\"><\/div>","protected":false},"excerpt":{"rendered":"<p>Durante la segunda fecha de la\u00a0LigaPro\u00a0entre Deportivo Cuenca y\u00a0Barcelona SC, Johan\u00a0Garc\u00eda sufri\u00f3 una fractura de peron\u00e9, tras un cruce de Mateo Maccari, y el argentino se pronunci\u00f3 por el incidente. Despu\u00e9s de varios d\u00edas de silencio, el jugador de los morlacos entendi\u00f3 que\u00a0los toreros estaban en su derecho de pedir la m\u00e1xima sanci\u00f3n, adem\u00e1s de&#8230;<\/p>\n","protected":false},"author":5,"featured_media":99782,"comment_status":"closed","ping_status":"open","sticky":false,"template":"","format":"standard","meta":{"_joinchat":[],"footnotes":""},"categories":[1557],"tags":[],"class_list":["post-99781","post","type-post","status-publish","format-standard","has-post-thumbnail","hentry","category-deportes-ecuador","have-post-thumb"],"_links":{"self":[{"href":"https:\/\/www.evafm.net\/sitio\/wp-json\/wp\/v2\/posts\/99781","targetHints":{"allow":["GET"]}}],"collection":[{"href":"https:\/\/www.evafm.net\/sitio\/wp-json\/wp\/v2\/posts"}],"about":[{"href":"https:\/\/www.evafm.net\/sitio\/wp-json\/wp\/v2\/types\/post"}],"author":[{"embeddable":true,"href":"https:\/\/www.evafm.net\/sitio\/wp-json\/wp\/v2\/users\/5"}],"replies":[{"embeddable":true,"href":"https:\/\/www.evafm.net\/sitio\/wp-json\/wp\/v2\/comments?post=99781"}],"version-history":[{"count":1,"href":"https:\/\/www.evafm.net\/sitio\/wp-json\/wp\/v2\/posts\/99781\/revisions"}],"predecessor-version":[{"id":99783,"href":"https:\/\/www.evafm.net\/sitio\/wp-json\/wp\/v2\/posts\/99781\/revisions\/99783"}],"wp:featuredmedia":[{"embeddable":true,"href":"https:\/\/www.evafm.net\/sitio\/wp-json\/wp\/v2\/media\/99782"}],"wp:attachment":[{"href":"https:\/\/www.evafm.net\/sitio\/wp-json\/wp\/v2\/media?parent=99781"}],"wp:term":[{"taxonomy":"category","embeddable":true,"href":"https:\/\/www.evafm.net\/sitio\/wp-json\/wp\/v2\/categories?post=99781"},{"taxonomy":"post_tag","embeddable":true,"href":"https:\/\/www.evafm.net\/sitio\/wp-json\/wp\/v2\/tags?post=99781"}],"curies":[{"name":"wp","href":"https:\/\/api.w.org\/{rel}","templated":true}]}}