{"id":99784,"date":"2026-03-05T15:44:37","date_gmt":"2026-03-05T20:44:37","guid":{"rendered":"https:\/\/www.evafm.net\/sitio\/?p=99784"},"modified":"2026-03-05T15:44:37","modified_gmt":"2026-03-05T20:44:37","slug":"jose-neris-disputara-con-emelec-el-clasico-del-astillero-ante-barcelona-sc","status":"publish","type":"post","link":"https:\/\/www.evafm.net\/sitio\/jose-neris-disputara-con-emelec-el-clasico-del-astillero-ante-barcelona-sc\/","title":{"rendered":"\u00bfJos\u00e9 Neris disputar\u00e1 con Emelec el Cl\u00e1sico del Astillero ante Barcelona SC?"},"content":{"rendered":"<p><strong>Jos\u00e9 Neris fue el fichaje m\u00e1s reciente de\u00a0<\/strong><a href=\"https:\/\/www.ecuavisa.com\/metadatos\/-\/meta\/emelec\" target=\"_blank\" rel=\"noopener\"><strong>Emelec<\/strong><\/a><strong>\u00a0durante el mercado de traspasos<\/strong>, despu\u00e9s de que el atacante rescindi\u00f3 su contrato con Col\u00f3n de Argentina, pero no pudo estar presente en el primer juego de la\u00a0<a href=\"https:\/\/www.ecuavisa.com\/metadatos\/-\/meta\/Liga-Pro\" target=\"_blank\" rel=\"noopener\">LigaPro<\/a>.<\/p>\n<p><a href=\"https:\/\/www.ecuavisa.com\/futbol-nacional\/emelec-presenta-a-jose-neris-y-vuelve-al-centro-de-la-polemica-20260224-0113.html\" target=\"_blank\" rel=\"noopener\">Emelec anunci\u00f3 la contrataci\u00f3n del futbolista uruguayo<\/a>, el pasado 24 de febrero; sin embargo,\u00a0<strong>Neris a\u00fan no estaba registrado por su pol\u00e9mica salida\u00a0<\/strong>del cuadro argentino, pero ya todo parece avanzado.<\/p>\n<p>El uruguayo se perdi\u00f3 la segunda fecha de la LigaPro, el primer juego de Emelec en esta temporada; no obstante, el\u00a0<strong>bombillo ya recibi\u00f3 el permiso para ser inscrito<\/strong>\u00a0en la competici\u00f3n.<\/p>\n<p>Emelec ya\u00a0<mark>r<strong>ecibi\u00f3 el Certificado de Transferencia Internacional de Jos\u00e9 Neris para ser registrado<\/strong><\/mark>\u00a0en la LigaPro, pero est\u00e1n esperando para que pueda jugar en el torneo, seg\u00fan informaci\u00f3n del periodista<\/p>\n<p><strong>Stefano Due\u00f1as.<\/strong><\/p>\n<p>Con motivo de la inscripci\u00f3n del uruguayo, la Federaci\u00f3n Ecuatoriana de F\u00fatbol (<strong>FEF) levant\u00f3 una consulta a la FIFA para asegurarse de que no existan problemas\u00a0<\/strong>en el papeleo.<\/p>\n<p>En caso de recibir una respuesta favorable en las pr\u00f3ximas horas,\u00a0<strong><mark>Neris ser\u00e1 registrado en el sistema COMET y disputar\u00e1 el Cl\u00e1sico del Astillero<\/mark>\u00a0<\/strong>en el estadio Monumental.<\/p>\n<p>Es decir, la p<strong>resencia del uruguayo en el duelo ante Barcelona SC est\u00e1 pendiente<\/strong>\u00a0de la confirmaci\u00f3n de la FIFA, por lo que esperan una respuesta antes del partido.<\/p>\n<p>Cabe recordar que\u00a0<a href=\"https:\/\/www.ecuavisa.com\/futbol-internacional\/presidente-colon-demanda-fifa-emelec-responder-ficha-jose-neris-20260224-0032.html\" target=\"_blank\" rel=\"noopener\"><strong>Neris rescindi\u00f3 su contrato de forma unilateral con Col\u00f3n de Argentina<\/strong><\/a>, despu\u00e9s de considerar que fue dejado de lado por la instituci\u00f3n, tras no acordar su venta al Am\u00e9rica de Cali.<\/p>\n<p>El Cl\u00e1sico del Astillero entre Barcelona SC y Emelec se\u00a0<strong>disputar\u00e1 este s\u00e1bado 7 de marzo, a las 16:30<\/strong>, en el estadio Monumental.<strong>(D)<\/strong><\/p>\n<p><strong>Fuente:<\/strong> evafm.net &#8211; ecuavisa.com<\/p>\n<div class=\"gsp_post_data\" \r\n\t            data-post_type=\"post\" \r\n\t            data-cat=\"deportes-ecuador\" \r\n\t            data-modified=\"120\"\r\n\t            data-created=\"1772725477\"\r\n\t            data-title=\"\u00bfJos\u00e9 Neris disputar\u00e1 con Emelec el Cl\u00e1sico del Astillero ante Barcelona SC?\" \r\n\t            data-home=\"https:\/\/www.evafm.net\/sitio\"><\/div>","protected":false},"excerpt":{"rendered":"<p>Jos\u00e9 Neris fue el fichaje m\u00e1s reciente de\u00a0Emelec\u00a0durante el mercado de traspasos, despu\u00e9s de que el atacante rescindi\u00f3 su contrato con Col\u00f3n de Argentina, pero no pudo estar presente en el primer juego de la\u00a0LigaPro. Emelec anunci\u00f3 la contrataci\u00f3n del futbolista uruguayo, el pasado 24 de febrero; sin embargo,\u00a0Neris a\u00fan no estaba registrado por su&#8230;<\/p>\n","protected":false},"author":5,"featured_media":99785,"comment_status":"closed","ping_status":"open","sticky":false,"template":"","format":"standard","meta":{"_joinchat":[],"footnotes":""},"categories":[1557],"tags":[],"class_list":["post-99784","post","type-post","status-publish","format-standard","has-post-thumbnail","hentry","category-deportes-ecuador","have-post-thumb"],"_links":{"self":[{"href":"https:\/\/www.evafm.net\/sitio\/wp-json\/wp\/v2\/posts\/99784","targetHints":{"allow":["GET"]}}],"collection":[{"href":"https:\/\/www.evafm.net\/sitio\/wp-json\/wp\/v2\/posts"}],"about":[{"href":"https:\/\/www.evafm.net\/sitio\/wp-json\/wp\/v2\/types\/post"}],"author":[{"embeddable":true,"href":"https:\/\/www.evafm.net\/sitio\/wp-json\/wp\/v2\/users\/5"}],"replies":[{"embeddable":true,"href":"https:\/\/www.evafm.net\/sitio\/wp-json\/wp\/v2\/comments?post=99784"}],"version-history":[{"count":1,"href":"https:\/\/www.evafm.net\/sitio\/wp-json\/wp\/v2\/posts\/99784\/revisions"}],"predecessor-version":[{"id":99786,"href":"https:\/\/www.evafm.net\/sitio\/wp-json\/wp\/v2\/posts\/99784\/revisions\/99786"}],"wp:featuredmedia":[{"embeddable":true,"href":"https:\/\/www.evafm.net\/sitio\/wp-json\/wp\/v2\/media\/99785"}],"wp:attachment":[{"href":"https:\/\/www.evafm.net\/sitio\/wp-json\/wp\/v2\/media?parent=99784"}],"wp:term":[{"taxonomy":"category","embeddable":true,"href":"https:\/\/www.evafm.net\/sitio\/wp-json\/wp\/v2\/categories?post=99784"},{"taxonomy":"post_tag","embeddable":true,"href":"https:\/\/www.evafm.net\/sitio\/wp-json\/wp\/v2\/tags?post=99784"}],"curies":[{"name":"wp","href":"https:\/\/api.w.org\/{rel}","templated":true}]}}