{"id":99787,"date":"2026-03-05T15:57:54","date_gmt":"2026-03-05T20:57:54","guid":{"rendered":"https:\/\/www.evafm.net\/sitio\/?p=99787"},"modified":"2026-03-05T15:57:54","modified_gmt":"2026-03-05T20:57:54","slug":"guido-villar-de-idv-podria-perderse-hasta-siete-meses-tras-lesion","status":"publish","type":"post","link":"https:\/\/www.evafm.net\/sitio\/guido-villar-de-idv-podria-perderse-hasta-siete-meses-tras-lesion\/","title":{"rendered":"Guido Villar de IDV podr\u00eda perderse hasta siete meses tras lesi\u00f3n"},"content":{"rendered":"<p>El arquero argentino<strong>\u00a0Guido Villar, de\u00a0<\/strong><a href=\"https:\/\/www.ecuavisa.com\/deportes\/ind-del-valle\" target=\"_blank\" rel=\"noopener\"><strong>Independiente del Valle<\/strong><\/a><strong>,<\/strong>\u00a0deber\u00e1 someterse a una cirug\u00eda tras <strong>lesionarse la rodilla derecha<\/strong> durante el amistoso ante<strong>\u00a0Inter Miami CF<\/strong>, en una acci\u00f3n en la que cay\u00f3 mal al intentar atajar un tiro libre ejecutado por el uruguayo\u00a0<strong>Luis Su\u00e1rez.<\/strong><\/p>\n<p>El gerente comercial del club,\u00a0<strong>Andr\u00e9s Larriva,<\/strong>\u00a0confirm\u00f3 que durante la intervenci\u00f3n se evaluar\u00e1 el estado de los meniscos y posibles da\u00f1os en los ligamentos, lo que definir\u00e1 el tiempo de recuperaci\u00f3n del guardameta.<\/p>\n<p>La lesi\u00f3n se produjo en una jugada puntual del encuentro amistoso en el que el equipo ecuatoriano se enfrent\u00f3 al conjunto estadounidense, que cont\u00f3 con figuras como\u00a0<strong>Lionel Messi y el propio Su\u00e1rez.\u00a0<\/strong><\/p>\n<p>Tras el impacto en la rodilla, Villar no pudo continuar en el partido y tuvo que abandonar el campo en camilla, lo que encendi\u00f3 las alarmas en el cuerpo t\u00e9cnico y m\u00e9dico del club.<\/p>\n<p>\u201cLamentablemente, en el partido contra Inter, en un tiro libre de\u00a0<strong>Luis Su\u00e1rez,<\/strong>\u00a0cae mal y se golpea la rodilla. Se trata de una lesi\u00f3n que est\u00e1 siendo valorada por distintos profesionales.<\/p>\n<p>Este es un procedimiento que el club realiza de manera recurrente cuando existe una lesi\u00f3n que puede llegar a ser delicada\u201d, explic\u00f3 Larriva en declaraciones al programa La Red.<\/p>\n<p>&nbsp;<\/p>\n<p>El directivo tambi\u00e9n indic\u00f3 que la cirug\u00eda permitir\u00e1 determinar con precisi\u00f3n la gravedad de la lesi\u00f3n.<\/p>\n<p>Si durante la operaci\u00f3n se confirma un compromiso de los ligamentos,\u00a0<strong>Villar\u00a0<\/strong>podr\u00eda estar fuera de las canchas entre seis y siete meses.<\/p>\n<p>En cambio, si el problema se limita a los meniscos, el tiempo de recuperaci\u00f3n ser\u00eda considerablemente menor, estimado entre un mes y medio y dos meses.<\/p>\n<p>\u201cEl tiempo de recuperaci\u00f3n depender\u00e1 del diagn\u00f3stico final durante la cirug\u00eda.<\/p>\n<p>En caso de que los ligamentos est\u00e9n comprometidos, el jugador tendr\u00eda que perderse entre seis y siete meses de la temporada.<\/p>\n<p>Sin embargo, tambi\u00e9n existe la posibilidad de que \u00fanicamente se tenga que realizar una intervenci\u00f3n en los meniscos.<\/p>\n<p>Eso naturalmente reducir\u00eda el tiempo de recuperaci\u00f3n, que podr\u00eda ser de un mes y medio a dos meses.<\/p>\n<p>De todas maneras, no nos adelantamos a los hechos\u201d, a\u00f1adi\u00f3 Larriva.<\/p>\n<p><strong>Independiente del Valle<\/strong>\u00a0mantiene un protocolo m\u00e9dico estricto en este tipo de situaciones, por lo que el club esperar\u00e1 los resultados definitivos de la intervenci\u00f3n para emitir un parte oficial con el diagn\u00f3stico y los plazos exactos de recuperaci\u00f3n.<\/p>\n<p>La posible ausencia de Villar representar\u00eda una baja sensible para el equipo negriazul en el inicio de la temporada, en un calendario que incluye tanto la LigaPro como compromisos en torneos internacionales.<\/p>\n<p>El guardameta argentino se ha consolidado como una pieza clave en el arco del conjunto de <strong>Sangolqu\u00ed. (D)<\/strong><\/p>\n<p><strong>Fuente<\/strong>: evafm.net &#8211; ecuavisa.com<\/p>\n<div class=\"gsp_post_data\" \r\n\t            data-post_type=\"post\" \r\n\t            data-cat=\"deportes-ecuador\" \r\n\t            data-modified=\"120\"\r\n\t            data-created=\"1772726274\"\r\n\t            data-title=\"Guido Villar de IDV podr\u00eda perderse hasta siete meses tras lesi\u00f3n\" \r\n\t            data-home=\"https:\/\/www.evafm.net\/sitio\"><\/div>","protected":false},"excerpt":{"rendered":"<p>El arquero argentino\u00a0Guido Villar, de\u00a0Independiente del Valle,\u00a0deber\u00e1 someterse a una cirug\u00eda tras lesionarse la rodilla derecha durante el amistoso ante\u00a0Inter Miami CF, en una acci\u00f3n en la que cay\u00f3 mal al intentar atajar un tiro libre ejecutado por el uruguayo\u00a0Luis Su\u00e1rez. El gerente comercial del club,\u00a0Andr\u00e9s Larriva,\u00a0confirm\u00f3 que durante la intervenci\u00f3n se evaluar\u00e1 el estado&#8230;<\/p>\n","protected":false},"author":5,"featured_media":99788,"comment_status":"closed","ping_status":"open","sticky":false,"template":"","format":"standard","meta":{"_joinchat":[],"footnotes":""},"categories":[1557],"tags":[],"class_list":["post-99787","post","type-post","status-publish","format-standard","has-post-thumbnail","hentry","category-deportes-ecuador","have-post-thumb"],"_links":{"self":[{"href":"https:\/\/www.evafm.net\/sitio\/wp-json\/wp\/v2\/posts\/99787","targetHints":{"allow":["GET"]}}],"collection":[{"href":"https:\/\/www.evafm.net\/sitio\/wp-json\/wp\/v2\/posts"}],"about":[{"href":"https:\/\/www.evafm.net\/sitio\/wp-json\/wp\/v2\/types\/post"}],"author":[{"embeddable":true,"href":"https:\/\/www.evafm.net\/sitio\/wp-json\/wp\/v2\/users\/5"}],"replies":[{"embeddable":true,"href":"https:\/\/www.evafm.net\/sitio\/wp-json\/wp\/v2\/comments?post=99787"}],"version-history":[{"count":1,"href":"https:\/\/www.evafm.net\/sitio\/wp-json\/wp\/v2\/posts\/99787\/revisions"}],"predecessor-version":[{"id":99789,"href":"https:\/\/www.evafm.net\/sitio\/wp-json\/wp\/v2\/posts\/99787\/revisions\/99789"}],"wp:featuredmedia":[{"embeddable":true,"href":"https:\/\/www.evafm.net\/sitio\/wp-json\/wp\/v2\/media\/99788"}],"wp:attachment":[{"href":"https:\/\/www.evafm.net\/sitio\/wp-json\/wp\/v2\/media?parent=99787"}],"wp:term":[{"taxonomy":"category","embeddable":true,"href":"https:\/\/www.evafm.net\/sitio\/wp-json\/wp\/v2\/categories?post=99787"},{"taxonomy":"post_tag","embeddable":true,"href":"https:\/\/www.evafm.net\/sitio\/wp-json\/wp\/v2\/tags?post=99787"}],"curies":[{"name":"wp","href":"https:\/\/api.w.org\/{rel}","templated":true}]}}