{"id":99790,"date":"2026-03-05T16:09:47","date_gmt":"2026-03-05T21:09:47","guid":{"rendered":"https:\/\/www.evafm.net\/sitio\/?p=99790"},"modified":"2026-03-05T16:09:47","modified_gmt":"2026-03-05T21:09:47","slug":"flamengo-anuncio-a-leonardo-jardim-como-nuevo-dt","status":"publish","type":"post","link":"https:\/\/www.evafm.net\/sitio\/flamengo-anuncio-a-leonardo-jardim-como-nuevo-dt\/","title":{"rendered":"Flamengo anuncio a Leonardo Jardim como nuevo DT"},"content":{"rendered":"<p>El\u00a0<a href=\"https:\/\/www.ecuavisa.com\/futbol-internacional\/filipe-luis-destituido-como-entrenador-del-flamengo-20260303-0007.html\" target=\"_blank\" rel=\"noopener\"><strong>Flamengo<\/strong><\/a>, actual campe\u00f3n de la\u00a0<strong>Copa Libertadores<\/strong>, anunci\u00f3 este mi\u00e9rcoles la contrataci\u00f3n del t\u00e9cnico portugu\u00e9s\u00a0<strong>Leonardo Jardim<\/strong>, quien asumir\u00e1 el cargo hasta diciembre de 2027 tras la destituci\u00f3n de Filipe Lu\u00eds.<\/p>\n<p><strong>Jardim<\/strong>, de 51 a\u00f1os, naci\u00f3 en Venezuela pero se cri\u00f3 en\u00a0<strong>Portugal\u00a0<\/strong>y ya dirigi\u00f3 su primer entrenamiento al frente del conjunto de R\u00edo de Janeiro este mismo mi\u00e9rcoles, iniciando as\u00ed su nueva etapa en el club carioca.<\/p>\n<p>Antes de llegar al\u00a0<strong>Flamengo<\/strong>, el entrenador estuvo al mando del\u00a0<strong>Cruzeiro<\/strong>\u00a0entre febrero y diciembre del a\u00f1o pasado, cuando decidi\u00f3 renunciar por motivos personales.<\/p>\n<p>A lo largo de su carrera tambi\u00e9n ha dirigido a equipos como el\u00a0<strong>Al Hilal de Arabia Saud\u00ed, el Al Rayyan de Qatar y el M\u00f3naco de Francia,<\/strong>\u00a0club en el que tuvo su etapa m\u00e1s prolongada como t\u00e9cnico.<\/p>\n<p>El portugu\u00e9s reemplaza a<strong>\u00a0Filipe Luis, exjugador del Atl\u00e9tico de Madrid,\u00a0<\/strong>quien fue despedido el martes tras el descontento de la directiva por el irregular inicio de temporada del equipo.<\/p>\n<p>&nbsp;<\/p>\n<p>En menos de un mes, el<strong>\u00a0Flamengo perdi\u00f3 dos finales importantes: cay\u00f3 en la Supercopa de Brasil frente al Corinthians y en la Recopa Sudamericana\u00a0<\/strong>ante el Lan\u00fas argentino.<\/p>\n<p>Adem\u00e1s, en el campeonato de liga ocupa actualmente la und\u00e9cima posici\u00f3n y solo ha conseguido una victoria en sus \u00faltimos tres partidos.<\/p>\n<p>Pese a la decisi\u00f3n de prescindir de sus servicios,\u00a0<strong>Filipe Luis<\/strong> cerr\u00f3 su ciclo con un balance positivo en cuanto a t\u00edtulos, ya que conquist\u00f3 cinco trofeos durante su etapa como entrenador del club<\/p>\n<p>entre ellos la Copa Libertadores y el Campeonato Brasile\u00f1o de la temporada pasada<strong>.(D)<\/strong><\/p>\n<p><strong>Fuente:<\/strong> evafm-.net &#8211; ecuavisa.com<\/p>\n<p>&nbsp;<\/p>\n<p>&nbsp;<\/p>\n<p>&nbsp;<\/p>\n<div class=\"gsp_post_data\" \r\n\t            data-post_type=\"post\" \r\n\t            data-cat=\"deportes-internacionales\" \r\n\t            data-modified=\"120\"\r\n\t            data-created=\"1772726987\"\r\n\t            data-title=\"Flamengo anuncio a Leonardo Jardim como nuevo DT\" \r\n\t            data-home=\"https:\/\/www.evafm.net\/sitio\"><\/div>","protected":false},"excerpt":{"rendered":"<p>El\u00a0Flamengo, actual campe\u00f3n de la\u00a0Copa Libertadores, anunci\u00f3 este mi\u00e9rcoles la contrataci\u00f3n del t\u00e9cnico portugu\u00e9s\u00a0Leonardo Jardim, quien asumir\u00e1 el cargo hasta diciembre de 2027 tras la destituci\u00f3n de Filipe Lu\u00eds. Jardim, de 51 a\u00f1os, naci\u00f3 en Venezuela pero se cri\u00f3 en\u00a0Portugal\u00a0y ya dirigi\u00f3 su primer entrenamiento al frente del conjunto de R\u00edo de Janeiro este mismo&#8230;<\/p>\n","protected":false},"author":5,"featured_media":99791,"comment_status":"closed","ping_status":"open","sticky":false,"template":"","format":"standard","meta":{"_joinchat":[],"footnotes":""},"categories":[1342],"tags":[],"class_list":["post-99790","post","type-post","status-publish","format-standard","has-post-thumbnail","hentry","category-deportes-internacionales","have-post-thumb"],"_links":{"self":[{"href":"https:\/\/www.evafm.net\/sitio\/wp-json\/wp\/v2\/posts\/99790","targetHints":{"allow":["GET"]}}],"collection":[{"href":"https:\/\/www.evafm.net\/sitio\/wp-json\/wp\/v2\/posts"}],"about":[{"href":"https:\/\/www.evafm.net\/sitio\/wp-json\/wp\/v2\/types\/post"}],"author":[{"embeddable":true,"href":"https:\/\/www.evafm.net\/sitio\/wp-json\/wp\/v2\/users\/5"}],"replies":[{"embeddable":true,"href":"https:\/\/www.evafm.net\/sitio\/wp-json\/wp\/v2\/comments?post=99790"}],"version-history":[{"count":1,"href":"https:\/\/www.evafm.net\/sitio\/wp-json\/wp\/v2\/posts\/99790\/revisions"}],"predecessor-version":[{"id":99792,"href":"https:\/\/www.evafm.net\/sitio\/wp-json\/wp\/v2\/posts\/99790\/revisions\/99792"}],"wp:featuredmedia":[{"embeddable":true,"href":"https:\/\/www.evafm.net\/sitio\/wp-json\/wp\/v2\/media\/99791"}],"wp:attachment":[{"href":"https:\/\/www.evafm.net\/sitio\/wp-json\/wp\/v2\/media?parent=99790"}],"wp:term":[{"taxonomy":"category","embeddable":true,"href":"https:\/\/www.evafm.net\/sitio\/wp-json\/wp\/v2\/categories?post=99790"},{"taxonomy":"post_tag","embeddable":true,"href":"https:\/\/www.evafm.net\/sitio\/wp-json\/wp\/v2\/tags?post=99790"}],"curies":[{"name":"wp","href":"https:\/\/api.w.org\/{rel}","templated":true}]}}