{"id":99793,"date":"2026-03-05T16:21:57","date_gmt":"2026-03-05T21:21:57","guid":{"rendered":"https:\/\/www.evafm.net\/sitio\/?p=99793"},"modified":"2026-03-05T16:21:57","modified_gmt":"2026-03-05T21:21:57","slug":"cesar-farias-rompe-el-silencio-por-su-expulsion","status":"publish","type":"post","link":"https:\/\/www.evafm.net\/sitio\/cesar-farias-rompe-el-silencio-por-su-expulsion\/","title":{"rendered":"C\u00e9sar Far\u00edas rompe el silencio por su expulsi\u00f3n"},"content":{"rendered":"<p><a href=\"https:\/\/www.ecuavisa.com\/tema\/cesar-farias-t91292\" target=\"_blank\" rel=\"noopener\"><strong>C\u00e9sar Far\u00edas<\/strong><\/a><strong>\u00a0sali\u00f3 expulsado por roja directa en el duelo entre\u00a0<\/strong><a href=\"https:\/\/www.ecuavisa.com\/metadatos\/-\/meta\/barcelona-sc\" target=\"_blank\" rel=\"noopener\"><strong>Barcelona SC<\/strong><\/a>\u00a0y Botafogo por la ida de la tercera ronda de la <strong>Copa Libertadores,<\/strong> pero el venezolano critic\u00f3 la decisi\u00f3n.<\/p>\n<p>El\u00a0<strong>director t\u00e9cnico lament\u00f3 la decisi\u00f3n de Wilmar Rold\u00e1n<\/strong>, despu\u00e9s de\u00a0<a href=\"https:\/\/www.ecuavisa.com\/amp\/futbol-internacional\/video-cesar-farias-expulsado-empujar-jugador-botafogo-barcelona-sc-copa-libertadores-20260303-0122.html\" target=\"_blank\" rel=\"noopener\">intentar agredir a Alexander Barboza<\/a>, por lo que aclar\u00f3 lo que ocurri\u00f3 en la jugada.<\/p>\n<p>\u201cNo tuve ning\u00fan rifirrafe con \u00e9l, solamente le dije a Wilmar que c\u00f3mo me hac\u00eda esto, que ten\u00eda m\u00e1s de 200 partidos internacionales y que nunca hab\u00eda sido expulsado, \u00bfpor qu\u00e9 me hac\u00eda eso?<\/p>\n<p><mark>Me dice que no lo puedo tocar y le dije que no lo toque, que mirara el VAR, pero me sac\u00f3<\/mark>\u201d, explic\u00f3 Far\u00edas en BlueRadio Co.<\/p>\n<p>&nbsp;<\/p>\n<div class=\"ck-related-news\">\u201c<strong>Entend\u00ed que no deb\u00eda discutir m\u00e1s para que no me diera m\u00e1s fechas de suspensi\u00f3n\u201d<\/strong><\/div>\n<div><\/div>\n<p>El venezolano explic\u00f3 a detalle la situaci\u00f3n que ocurri\u00f3 con el defensor argentino, despu\u00e9s de que\u00a0<strong>Barboza despej\u00f3 el bal\u00f3n y estuvo cerca de impactar\u00a0<\/strong>en el entrenador.<\/p>\n<p>\u201cEstoy a dos metros de la cancha, el jugador sale con una patada para botar el bal\u00f3n<strong>, doy un salto hacia atr\u00e1s que me hace trastabillar y ah\u00ed como que nos rozamos<\/strong>, pero el informe dice<\/p>\n<p>agresi\u00f3n y s\u00ed hay un peque\u00f1o roce y yo me tengo que proteger porque me pudo pisar\u201d, lament\u00f3 el venezolano.<\/p>\n<p>Ahora,\u00a0<strong>Far\u00edas no podr\u00e1 dirigir la vuelta del duelo entre Barcelona SC y Botafogo<\/strong>\u00a0por la tercera ronda de la fase previa de la Copa Libertadores.<\/p>\n<p>Sin embargo, los toreros ya presentaron la apelaci\u00f3n para que el venezolano pueda estar presente en el encuentro en la serie en Brasil.<strong>(D)<\/strong><\/p>\n<p>&nbsp;<\/p>\n<blockquote class=\"twitter-tweet\" data-width=\"550\" data-dnt=\"true\">\n<p lang=\"es\" dir=\"ltr\">\ud83d\udfe5 \u00a1SE GAN\u00d3 LA CARTULINA ROJA! El DT C\u00e9sar Far\u00edas fue expulsado luego de empujar levemente a Alexander Barboza. \u00bfQu\u00e9 te pareci\u00f3 la decisi\u00f3n de Wilmar Rold\u00e1n?<\/p>\n<p>\u25b6\ufe0f Mira la \ud83c\udfc6 CONMEBOL <a href=\"https:\/\/twitter.com\/hashtag\/Libertadores?src=hash&amp;ref_src=twsrc%5Etfw\">#Libertadores<\/a> en el Plan Premium de <a href=\"https:\/\/twitter.com\/hashtag\/DisneyPlus?src=hash&amp;ref_src=twsrc%5Etfw\">#DisneyPlus<\/a> <a href=\"https:\/\/t.co\/pyTrO8Ei6H\">pic.twitter.com\/pyTrO8Ei6H<\/a><\/p>\n<p>&mdash; ESPN Ecuador (@ESPNEcuador) <a href=\"https:\/\/twitter.com\/ESPNEcuador\/status\/2029016736633172065?ref_src=twsrc%5Etfw\">March 4, 2026<\/a><\/p><\/blockquote>\n<p><script async src=\"https:\/\/platform.twitter.com\/widgets.js\" charset=\"utf-8\"><\/script><\/p>\n<p><strong>Fuente:<\/strong> evafm.net &#8211; ecuavisa.com<\/p>\n<div class=\"gsp_post_data\" \r\n\t            data-post_type=\"post\" \r\n\t            data-cat=\"deportes-internacionales\" \r\n\t            data-modified=\"120\"\r\n\t            data-created=\"1772727717\"\r\n\t            data-title=\"C\u00e9sar Far\u00edas rompe el silencio por su expulsi\u00f3n\" \r\n\t            data-home=\"https:\/\/www.evafm.net\/sitio\"><\/div>","protected":false},"excerpt":{"rendered":"<p>C\u00e9sar Far\u00edas\u00a0sali\u00f3 expulsado por roja directa en el duelo entre\u00a0Barcelona SC\u00a0y Botafogo por la ida de la tercera ronda de la Copa Libertadores, pero el venezolano critic\u00f3 la decisi\u00f3n. El\u00a0director t\u00e9cnico lament\u00f3 la decisi\u00f3n de Wilmar Rold\u00e1n, despu\u00e9s de\u00a0intentar agredir a Alexander Barboza, por lo que aclar\u00f3 lo que ocurri\u00f3 en la jugada. \u201cNo tuve&#8230;<\/p>\n","protected":false},"author":5,"featured_media":99794,"comment_status":"closed","ping_status":"open","sticky":false,"template":"","format":"standard","meta":{"_joinchat":[],"footnotes":""},"categories":[1342],"tags":[],"class_list":["post-99793","post","type-post","status-publish","format-standard","has-post-thumbnail","hentry","category-deportes-internacionales","have-post-thumb"],"_links":{"self":[{"href":"https:\/\/www.evafm.net\/sitio\/wp-json\/wp\/v2\/posts\/99793","targetHints":{"allow":["GET"]}}],"collection":[{"href":"https:\/\/www.evafm.net\/sitio\/wp-json\/wp\/v2\/posts"}],"about":[{"href":"https:\/\/www.evafm.net\/sitio\/wp-json\/wp\/v2\/types\/post"}],"author":[{"embeddable":true,"href":"https:\/\/www.evafm.net\/sitio\/wp-json\/wp\/v2\/users\/5"}],"replies":[{"embeddable":true,"href":"https:\/\/www.evafm.net\/sitio\/wp-json\/wp\/v2\/comments?post=99793"}],"version-history":[{"count":1,"href":"https:\/\/www.evafm.net\/sitio\/wp-json\/wp\/v2\/posts\/99793\/revisions"}],"predecessor-version":[{"id":99795,"href":"https:\/\/www.evafm.net\/sitio\/wp-json\/wp\/v2\/posts\/99793\/revisions\/99795"}],"wp:featuredmedia":[{"embeddable":true,"href":"https:\/\/www.evafm.net\/sitio\/wp-json\/wp\/v2\/media\/99794"}],"wp:attachment":[{"href":"https:\/\/www.evafm.net\/sitio\/wp-json\/wp\/v2\/media?parent=99793"}],"wp:term":[{"taxonomy":"category","embeddable":true,"href":"https:\/\/www.evafm.net\/sitio\/wp-json\/wp\/v2\/categories?post=99793"},{"taxonomy":"post_tag","embeddable":true,"href":"https:\/\/www.evafm.net\/sitio\/wp-json\/wp\/v2\/tags?post=99793"}],"curies":[{"name":"wp","href":"https:\/\/api.w.org\/{rel}","templated":true}]}}