{"id":99827,"date":"2026-03-06T15:43:57","date_gmt":"2026-03-06T20:43:57","guid":{"rendered":"https:\/\/www.evafm.net\/sitio\/?p=99827"},"modified":"2026-03-06T15:43:57","modified_gmt":"2026-03-06T20:43:57","slug":"arsenal-comprara-el-pase-deportivo-de-piero-hincapie","status":"publish","type":"post","link":"https:\/\/www.evafm.net\/sitio\/arsenal-comprara-el-pase-deportivo-de-piero-hincapie\/","title":{"rendered":"Arsenal comprar\u00e1 el pase deportivo de Piero Hincapi\u00e9"},"content":{"rendered":"<p>El\u00a0<strong>defensor ecuatoriano<\/strong><a href=\"https:\/\/www.ecuavisa.com\/tema\/piero-hincapie-t96874\" target=\"_blank\" rel=\"noopener\"><strong>\u00a0Piero Hincapi\u00e9<\/strong>\u00a0<\/a><a target=\"_blank\" rel=\"\">renovar<\/a>\u00e1 al\u00a0<strong>Arsenal\u00a0<\/strong>al final de la presente temporada en un traspaso procedente del\u00a0<strong>Bayer Leverkusen,<\/strong>\u00a0seg\u00fan informaron medios ingleses.<\/p>\n<p>De acuerdo con el diario<strong>\u00a0The Sun<\/strong>, el zaguero quien lleg\u00f3 inicialmente cedido desde el club alem\u00e1n, en una operaci\u00f3n que incluir\u00eda una opci\u00f3n de compra obligatoria valorada entre<\/p>\n<p><strong>USD 50 y 60 millones.<\/strong><\/p>\n<p>El internacional ecuatoriano ha tenido protagonismo en el esquema del t\u00e9cnico\u00a0<strong>Mikel Arteta\u00a0<\/strong>durante la campa\u00f1a, en la que ha destacado por su regularidad defensiva desde la primera<\/p>\n<p>oportunidad recibida.<\/p>\n<p>Seg\u00fan el medio brit\u00e1nico,<strong>\u00a0Hincapi\u00e9\u00a0<\/strong>ha cubierto el\u00a0<strong>puesto del brasile\u00f1o Gabriel<\/strong>\u00a0durante su lesi\u00f3n y tambi\u00e9n ha actuado con frecuencia como\u00a0<strong>lateral izquierdo<\/strong>\u00a0ante los problemas f\u00edsicos<\/p>\n<p>de otros jugadores del equipo como\u00a0<strong>Ricardo Calafiori\u00a0<\/strong>y\u00a0<strong>Myles Lewis-Skelly<\/strong>, demostrando su versatilidad dentro del bloque defensivo.<\/p>\n<p>&nbsp;<\/p>\n<p>El futbolista de 23 a\u00f1os hab\u00eda renovado su contrato con el\u00a0<strong>Bayer Leverkusen<\/strong>\u00a0hasta junio de 2029 en diciembre de 2024, lo que en su momento reforz\u00f3 su continuidad en el club alem\u00e1n.<\/p>\n<p>Sin embargo, su rendimiento en\u00a0<strong>Europa\u00a0<\/strong>y el inter\u00e9s del Arsenal habr\u00edan terminado por abrirle las puertas de la\u00a0<strong>Premier League y firmar\u00e1 por cinco temporadas con los Gunners.<\/strong><\/p>\n<p>De concretarse la operaci\u00f3n, Hincapi\u00e9 sostendr\u00eda un nuevo salto en su carrera al incorporarse al f\u00fatbol ingl\u00e9s tras consolidarse como uno de los defensores ecuatorianos m\u00e1s destacados<\/p>\n<p>en el f\u00fatbol europeo. <strong>(D)<\/strong><\/p>\n<p><strong>Fuente:<\/strong> evafm.net &#8211; ecuavisa.com<\/p>\n<p>&nbsp;<\/p>\n<p>&nbsp;<\/p>\n<div class=\"gsp_post_data\" \r\n\t            data-post_type=\"post\" \r\n\t            data-cat=\"deportes-internacionales\" \r\n\t            data-modified=\"120\"\r\n\t            data-created=\"1772811837\"\r\n\t            data-title=\"Arsenal comprar\u00e1 el pase deportivo de Piero Hincapi\u00e9\" \r\n\t            data-home=\"https:\/\/www.evafm.net\/sitio\"><\/div>","protected":false},"excerpt":{"rendered":"<p>El\u00a0defensor ecuatoriano\u00a0Piero Hincapi\u00e9\u00a0renovar\u00e1 al\u00a0Arsenal\u00a0al final de la presente temporada en un traspaso procedente del\u00a0Bayer Leverkusen,\u00a0seg\u00fan informaron medios ingleses. De acuerdo con el diario\u00a0The Sun, el zaguero quien lleg\u00f3 inicialmente cedido desde el club alem\u00e1n, en una operaci\u00f3n que incluir\u00eda una opci\u00f3n de compra obligatoria valorada entre USD 50 y 60 millones. El internacional ecuatoriano ha&#8230;<\/p>\n","protected":false},"author":5,"featured_media":99828,"comment_status":"closed","ping_status":"open","sticky":false,"template":"","format":"standard","meta":{"_joinchat":[],"footnotes":""},"categories":[1342],"tags":[],"class_list":["post-99827","post","type-post","status-publish","format-standard","has-post-thumbnail","hentry","category-deportes-internacionales","have-post-thumb"],"_links":{"self":[{"href":"https:\/\/www.evafm.net\/sitio\/wp-json\/wp\/v2\/posts\/99827","targetHints":{"allow":["GET"]}}],"collection":[{"href":"https:\/\/www.evafm.net\/sitio\/wp-json\/wp\/v2\/posts"}],"about":[{"href":"https:\/\/www.evafm.net\/sitio\/wp-json\/wp\/v2\/types\/post"}],"author":[{"embeddable":true,"href":"https:\/\/www.evafm.net\/sitio\/wp-json\/wp\/v2\/users\/5"}],"replies":[{"embeddable":true,"href":"https:\/\/www.evafm.net\/sitio\/wp-json\/wp\/v2\/comments?post=99827"}],"version-history":[{"count":1,"href":"https:\/\/www.evafm.net\/sitio\/wp-json\/wp\/v2\/posts\/99827\/revisions"}],"predecessor-version":[{"id":99829,"href":"https:\/\/www.evafm.net\/sitio\/wp-json\/wp\/v2\/posts\/99827\/revisions\/99829"}],"wp:featuredmedia":[{"embeddable":true,"href":"https:\/\/www.evafm.net\/sitio\/wp-json\/wp\/v2\/media\/99828"}],"wp:attachment":[{"href":"https:\/\/www.evafm.net\/sitio\/wp-json\/wp\/v2\/media?parent=99827"}],"wp:term":[{"taxonomy":"category","embeddable":true,"href":"https:\/\/www.evafm.net\/sitio\/wp-json\/wp\/v2\/categories?post=99827"},{"taxonomy":"post_tag","embeddable":true,"href":"https:\/\/www.evafm.net\/sitio\/wp-json\/wp\/v2\/tags?post=99827"}],"curies":[{"name":"wp","href":"https:\/\/api.w.org\/{rel}","templated":true}]}}