{"id":99830,"date":"2026-03-06T16:00:42","date_gmt":"2026-03-06T21:00:42","guid":{"rendered":"https:\/\/www.evafm.net\/sitio\/?p=99830"},"modified":"2026-03-06T16:00:42","modified_gmt":"2026-03-06T21:00:42","slug":"america-de-cali-remonta-ante-bucaramanga-2-1-conmebol-sudamericana-2026","status":"publish","type":"post","link":"https:\/\/www.evafm.net\/sitio\/america-de-cali-remonta-ante-bucaramanga-2-1-conmebol-sudamericana-2026\/","title":{"rendered":"Am\u00e9rica de Cali remonta ante Bucaramanga 2 &#8211; 1 Conmebol Sudamericana 2026"},"content":{"rendered":"<p>El\u00a0<strong>Am\u00e9rica de Cali<\/strong>\u00a0asegur\u00f3 su presencia en la fase de grupos de la\u00a0<a href=\"https:\/\/www.ecuavisa.com\/tema\/copa-sudamericana-t91794\" target=\"_blank\" rel=\"noopener\"><strong>Copa Sudamericana 2026<\/strong>\u00a0<\/a>tras remontar y vencer 2-1 al\u00a0<strong>Atl\u00e9tico Bucaramanga\u00a0<\/strong>en condici\u00f3n de local, en un partido en el que el conjunto rojo logr\u00f3 reaccionar a tiempo para sellar su clasificaci\u00f3n.<\/p>\n<p>El ecuatoriano <strong>Daniel Valencia<\/strong> fue titular en el ataque del \u2018Mecha\u2019 y permaneci\u00f3 75 minutos en el campo, participando en el triunfo que permiti\u00f3 al Am\u00e9rica asegurar su boleto a la fase de grupos del torneo continental.(<strong>D)<\/strong><\/p>\n<p><strong>Goles de America:<\/strong><\/p>\n<p><strong>Yerson Guzman<\/strong> en el <strong>(minuto 48 mediante pena maxima)<\/strong><\/p>\n<p><strong>Jhon Tirman Palacios<\/strong> en el (<strong>minuto 55)<\/strong><\/p>\n<p>&nbsp;<\/p>\n<p><strong>Gol de Bucaramanga:<\/strong><\/p>\n<p><strong>Fabian Zambueza<\/strong> en el <strong>(minuto 23)<\/strong><\/p>\n<p>&nbsp;<\/p>\n<p><iframe title=\"LA MECHITA DE CALI LO DIO VUELTA Y VA A GRUPOS | Am\u00e9rica de Cali 2-1 Atl. Bucaramanga | RESUMEN\" width=\"1200\" height=\"675\" src=\"https:\/\/www.youtube.com\/embed\/TGYaUL4sQEg?feature=oembed\" frameborder=\"0\" allow=\"accelerometer; autoplay; clipboard-write; encrypted-media; gyroscope; picture-in-picture; web-share\" referrerpolicy=\"strict-origin-when-cross-origin\" allowfullscreen><\/iframe><\/p>\n<p><strong>Fuente:<\/strong> evafm.net &#8211; ecuavisa.com &#8211; youtube.com<\/p>\n<div class=\"gsp_post_data\" \r\n\t            data-post_type=\"post\" \r\n\t            data-cat=\"deportes-internacionales\" \r\n\t            data-modified=\"120\"\r\n\t            data-created=\"1772812842\"\r\n\t            data-title=\"Am\u00e9rica de Cali remonta ante Bucaramanga 2 &#8211; 1 Conmebol Sudamericana 2026\" \r\n\t            data-home=\"https:\/\/www.evafm.net\/sitio\"><\/div>","protected":false},"excerpt":{"rendered":"<p>El\u00a0Am\u00e9rica de Cali\u00a0asegur\u00f3 su presencia en la fase de grupos de la\u00a0Copa Sudamericana 2026\u00a0tras remontar y vencer 2-1 al\u00a0Atl\u00e9tico Bucaramanga\u00a0en condici\u00f3n de local, en un partido en el que el conjunto rojo logr\u00f3 reaccionar a tiempo para sellar su clasificaci\u00f3n. El ecuatoriano Daniel Valencia fue titular en el ataque del \u2018Mecha\u2019 y permaneci\u00f3 75 minutos&#8230;<\/p>\n","protected":false},"author":5,"featured_media":99831,"comment_status":"closed","ping_status":"open","sticky":false,"template":"","format":"standard","meta":{"_joinchat":[],"footnotes":""},"categories":[1342],"tags":[],"class_list":["post-99830","post","type-post","status-publish","format-standard","has-post-thumbnail","hentry","category-deportes-internacionales","have-post-thumb"],"_links":{"self":[{"href":"https:\/\/www.evafm.net\/sitio\/wp-json\/wp\/v2\/posts\/99830","targetHints":{"allow":["GET"]}}],"collection":[{"href":"https:\/\/www.evafm.net\/sitio\/wp-json\/wp\/v2\/posts"}],"about":[{"href":"https:\/\/www.evafm.net\/sitio\/wp-json\/wp\/v2\/types\/post"}],"author":[{"embeddable":true,"href":"https:\/\/www.evafm.net\/sitio\/wp-json\/wp\/v2\/users\/5"}],"replies":[{"embeddable":true,"href":"https:\/\/www.evafm.net\/sitio\/wp-json\/wp\/v2\/comments?post=99830"}],"version-history":[{"count":1,"href":"https:\/\/www.evafm.net\/sitio\/wp-json\/wp\/v2\/posts\/99830\/revisions"}],"predecessor-version":[{"id":99832,"href":"https:\/\/www.evafm.net\/sitio\/wp-json\/wp\/v2\/posts\/99830\/revisions\/99832"}],"wp:featuredmedia":[{"embeddable":true,"href":"https:\/\/www.evafm.net\/sitio\/wp-json\/wp\/v2\/media\/99831"}],"wp:attachment":[{"href":"https:\/\/www.evafm.net\/sitio\/wp-json\/wp\/v2\/media?parent=99830"}],"wp:term":[{"taxonomy":"category","embeddable":true,"href":"https:\/\/www.evafm.net\/sitio\/wp-json\/wp\/v2\/categories?post=99830"},{"taxonomy":"post_tag","embeddable":true,"href":"https:\/\/www.evafm.net\/sitio\/wp-json\/wp\/v2\/tags?post=99830"}],"curies":[{"name":"wp","href":"https:\/\/api.w.org\/{rel}","templated":true}]}}