{"id":99924,"date":"2026-03-09T20:41:00","date_gmt":"2026-03-10T01:41:00","guid":{"rendered":"https:\/\/www.evafm.net\/sitio\/?p=99924"},"modified":"2026-03-09T20:41:00","modified_gmt":"2026-03-10T01:41:00","slug":"sao-paulo-anuncio-salida-de-hernan-crespo-como-dt","status":"publish","type":"post","link":"https:\/\/www.evafm.net\/sitio\/sao-paulo-anuncio-salida-de-hernan-crespo-como-dt\/","title":{"rendered":"Sao Paulo anuncio salida de Hernan Crespo como DT"},"content":{"rendered":"<p class=\"com-paragraph  --capital --s\">a noticia sorprendi\u00f3 hasta a los periodistas brasile\u00f1os que cubren la actividad diaria de\u00a0<strong>San Pablo.<\/strong><\/p>\n<p class=\"com-paragraph  --capital --s\">El\u00a0<strong>despido de Hern\u00e1n Crespo<\/strong>\u00a0anunciado por el club despu\u00e9s del mediod\u00eda de este lunes fue tomado con incredulidad, nadie lo esperaba, con el equipo puntero e invicto en el\u00a0<em>Brasileir\u00e3o,<\/em>\u00a0junto con<strong>\u00a0Palmeiras,\u00a0<\/strong>al cabo de cuatro fechas.<\/p>\n<p class=\"com-paragraph   --s\">\u201cFue una bomba\u201d, es la s\u00edntesis que hizo una parte de la prensa deportiva paulista. El comunicado oficial de San Pablo comienza as\u00ed:<\/p>\n<p class=\"com-paragraph   --s\"><strong>\u00a0\u201cS\u00e3o Paulo Futebol Clube decidi\u00f3 este lunes (09) destituir al t\u00e9cnico Hern\u00e1n Crespo.<\/strong><\/p>\n<p class=\"com-paragraph   --s\">Tambi\u00e9n abandonan el club los asistentes Juan Branda y V\u00edctor L\u00f3pez, los preparadores f\u00edsicos Federico Martinetti y Leandro Paz, y el entrenador de porteros Gustavo Nepote\u201d.<\/p>\n<p class=\"com-paragraph   --s\">Tras detallar las estad\u00edsticas de los dos pasos -el primero fue entre febrero y octubre de 2021- del director t\u00e9cnico argentino.<\/p>\n<p class=\"com-paragraph   --s\">Sao Paulo cierra la nota con el \u201cdeseo de \u00e9xito en sus futuras carreras a Hern\u00e1n Crespo y su cuerpo t\u00e9cnico\u201d.<\/p>\n<p>&nbsp;<\/p>\n<p>Con el correr de las horas comenzaron a trascender los motivos de esta abrupta ruptura.<\/p>\n<p>Este lunes hubo una reuni\u00f3n entre los dirigentes y Crespo, tras la cual el club interpret\u00f3 que\u00a0<strong>el entrenador no estaba alineado con los planes para este a\u00f1o<\/strong>, y tom\u00f3 la decisi\u00f3n de destituirlo.<\/p>\n<p>Hubo criterios dispares: Crespo pretend\u00eda darle\u00a0<strong>prioridad<\/strong>\u00a0al\u00a0<em>Brasileir\u00e3o<\/em>, mientras que la dirigencia puso como objetivos la\u00a0<strong>Copa Sudamericana y la Copa Brasil<\/strong>.<\/p>\n<p>Pese a las diferencias, Crespo estaba dispuesto a quedarse, pero el club (es asociaci\u00f3n civil, no SAD) rompi\u00f3 el v\u00ednculo y le pagar\u00e1 una indemnizaci\u00f3n de algo menos de un mill\u00f3n de d\u00f3lares.<\/p>\n<p>&nbsp;<\/p>\n<p class=\"com-paragraph   --s\">El periodista Gabriel S\u00e1, de UOL Esporte, cont\u00f3 los entretelones: \u201cCrespo no esperaba ser despedido. Recibi\u00f3 la noticia con total sorpresa y reuni\u00f3 al grupo en pocos minutos para anunciar su salida. Emocionado, el entrenador habl\u00f3 durante unos minutos y\u00a0<strong>fue aplaudido por los jugadores al despedirse<\/strong>.<\/p>\n<p class=\"com-paragraph   --s\">La directiva a\u00fan ve\u00eda deficiencias en su trabajo.<\/p>\n<p class=\"com-paragraph   --s\">Adem\u00e1s de la\u00a0<strong>insatisfacci\u00f3n con el plan de entrenamiento,<\/strong>\u00a0otra raz\u00f3n esgrimida entre bastidores es\u00a0<strong>la falta de compenetraci\u00f3n con el plantel.<\/strong><\/p>\n<p class=\"com-paragraph   --s\">Hubo descontento con el hecho de que diera tres d\u00edas libres en la semana de preparaci\u00f3n posterior al campeonato estadual (de lunes a mi\u00e9rcoles) y con la duraci\u00f3n de los entrenamientos semanales. Internamente, se considera que Crespo expuso a los jugadores m\u00e1s de lo necesario en ciertas ruedas de prensa.<\/p>\n<p class=\"com-paragraph   --s\">Adem\u00e1s, la declaraci\u00f3n del t\u00e9cnico de que alcanzar los 45 puntos ser\u00eda el principal objetivo del equipo en el Brasileir\u00e3o fue interpretada por algunos miembros de la directiva como una se\u00f1al de pensar en peque\u00f1o\u201d.<\/p>\n<p class=\"com-paragraph   --s\">Fuentes cercanas a Crespo calificaron de\u00a0<strong>\u201cinjusta\u201d<\/strong>\u00a0la medida de la directiva.<\/p>\n<p class=\"com-paragraph   --s\">Consideran que debi\u00f3 trabajar en condiciones que distaban de ser las ideales, desde las deudas acumuladas, pasando por el estado deficiente de los campos de entrenamiento, hasta llegar a la falta de los refuerzos pretendidos.<\/p>\n<p>Las gestiones para designar a un sucesor ya est\u00e1n en marcha.<\/p>\n<p>El primer nombre que se mencion\u00f3 fue el de\u00a0<strong>Filipe Luis<\/strong>, cuya salida de Flamengo tambi\u00e9n fue un baldazo de agua fr\u00eda, pero el exlateral izquierdo respondi\u00f3 que durante este a\u00f1o no desea dirigir en Brasil. Algunos dirigentes le apuntaron a\u00a0<strong>Fernando Diniz,<\/strong>\u00a0ex-Fluminense e interino de la selecci\u00f3n de Brasil, pero finalmente quien tiene m\u00e1s posibilidades es\u00a0<strong>Roger Machado,<\/strong>\u00a0cuya carrera de m\u00e1s de una d\u00e9cada se desarroll\u00f3 \u00edntegramente en equipos brasile\u00f1os, con un paso por Inter de Porto Alegre hasta septiembre de 2025.<\/p>\n<p><strong>Brasil importa t\u00e9cnicos argentinos.<\/strong><\/p>\n<p class=\"com-paragraph   --s\">Lo de Crespo se inscribe dentro del constante flujo de entrenadores argentinos en Brasil, con entradas y salidas.<\/p>\n<p class=\"com-paragraph   --s\">Algo extensible a la nutrida presencia de futbolistas de nuestro pa\u00eds, situaci\u00f3n que no era frecuente hace algo m\u00e1s de una d\u00e9cada.<\/p>\n<p class=\"com-paragraph   --s\">Seg\u00fan el portal Transfermarkt, la Argentina ocupa el\u00a0<strong>segundo lugar\u00a0<\/strong>en la lista de entrenadores extranjeros que pasaron por el\u00a0<em>Brasileir\u00e3o,<\/em>\u00a0con\u00a0<strong>18 representantes,\u00a0<\/strong>por detr\u00e1s de\u00a0<strong>Portugal<\/strong>, con 26.<\/p>\n<p class=\"com-paragraph   --s\">En el actual torneo nacional de Brasil, los DT argentinos en actividad son:<\/p>\n<p class=\"com-paragraph   --s\"><strong>Luis Zubeld\u00eda<\/strong>\u00a0(Fluminense),\u00a0<strong>Juan Pablo Vojvoda<\/strong>\u00a0(Santos),\u00a0<strong>Mart\u00edn Anselmi\u00a0<\/strong>(Botafogo) y\u00a0<strong>Eduardo Dom\u00ednguez<\/strong>\u00a0(Atl\u00e9tico Mineiro).<\/p>\n<p class=\"com-paragraph   --s\">En el historial general, Vojvoda es el que acredita m\u00e1s continuidad y presencias (187 partidos, solo por el\u00a0<em>Brasileir\u00e3o),<\/em>\u00a0con un paso entre 2021 y 2025 por Fortaleza, donde obtuvo dos copas del Noreste.<\/p>\n<p class=\"com-paragraph   --s\"><strong>Daniel Passarella<\/strong>\u00a0fue uno de los pioneros, al asumir en marzo de 2005 en\u00a0<strong>Corinthians,<\/strong>\u00a0en una gesti\u00f3n que se extendi\u00f3 solo por dos meses.<\/p>\n<p class=\"com-paragraph   --s\">Tampoco le fue bien a\u00a0<strong>Ricardo Gareca<\/strong>\u00a0en\u00a0<strong>Palmeiras,<\/strong>\u00a0tras su primer paso exitoso por<strong> V\u00e9lez. <\/strong><\/p>\n<p class=\"com-paragraph   --s\">El Tigre fue despedido en menos de cuatro meses, entre mayo y septiembre de 2014.<\/p>\n<p class=\"com-paragraph   --s\">Dos conductores registran pasos por tres clubes.<\/p>\n<p class=\"com-paragraph   --s\"><strong>Ram\u00f3n D\u00edaz<\/strong>\u00a0salv\u00f3 del descenso a\u00a0<strong>Vasco Da Gama<\/strong>\u00a0en 2023, fue campe\u00f3n paulista con\u00a0<strong>Corinthians<\/strong>\u00a0en 2025 y tuvo una gesti\u00f3n ef\u00edmera y poco productiva en\u00a0<strong>Inter\u00a0<\/strong>de Porto Alegre.<\/p>\n<p class=\"com-paragraph   --s\"><strong>Jorge Sampaoli<\/strong>\u00a0arranc\u00f3 por\u00a0<strong>Santos<\/strong>, sigui\u00f3 en\u00a0<strong>Atl\u00e9tico Mineiro\u00a0<\/strong>(campe\u00f3n del estadual de Minas Gerais) y en su mayor desaf\u00edo,\u00a0<strong>Flamengo,<\/strong>\u00a0no cumpli\u00f3 con las expectativas.<\/p>\n<p class=\"com-paragraph   --s\">Las experiencias de\u00a0<strong>Eduardo Coudet<\/strong>\u00a0fueron en Atl\u00e9tico Mineiro (gan\u00f3 el t\u00edtulo estadual) y en Inter.\u00a0<strong>Gabriel Milito<\/strong> estuvo cerca de ser campe\u00f3n de la Copa Libertadores con Atl\u00e9tico Mineiro<\/p>\n<p class=\"com-paragraph   --s\">pero perdi\u00f3 la final en el Monumental frente a Botagofo.\u00a0<strong>Mart\u00edn Palermo,<\/strong>\u00a0pese a una aceptable campa\u00f1a, no pudo evitar el descenso con\u00a0<strong>Fortaleza.<\/strong><\/p>\n<p class=\"com-paragraph   --s\">La lista se completa con\u00a0<strong>Edgardo Bauza<\/strong>\u00a0(San Pablo),<strong>\u00a0Antonio Mohamed<\/strong>\u00a0(Atl\u00e9tico Mineiro),\u00a0<strong>Fabi\u00e1n Bustos\u00a0<\/strong>(Santos y Am\u00e9rica MG),\u00a0<strong>Lucho Gonz\u00e1lez\u00a0<\/strong>(Cear\u00e1 y Athletico Paranaense)<\/p>\n<p class=\"com-paragraph   --s\"><strong>Diego Dabove\u00a0<\/strong>(Bah\u00eda) y<strong>\u00a0Emiliano D\u00edaz\u00a0<\/strong>(Vasco Da Gama).<strong>(D)<\/strong><\/p>\n<div class=\"css-175oi2r r-zl2h9q\">\n<div class=\"css-175oi2r r-k4xj1c r-18u37iz r-1wtj0ep\">\n<div class=\"css-175oi2r r-1d09ksm r-18u37iz r-1wbh5a2\">\n<div class=\"css-175oi2r r-1wbh5a2 r-dnmrzs r-1ny4l3l\">\n<div id=\"id__iv22fs7k8t\" class=\"css-175oi2r r-1wbh5a2 r-dnmrzs r-1ny4l3l r-1awozwy r-18u37iz\" data-testid=\"User-Name\">\n<div class=\"css-175oi2r r-1awozwy r-18u37iz r-1wbh5a2 r-dnmrzs\">\n<div class=\"css-175oi2r r-1wbh5a2 r-dnmrzs\">\n<div class=\"css-175oi2r r-1awozwy r-18u37iz r-1wbh5a2 r-dnmrzs\">\n<div class=\"css-146c3p1 r-bcqeeo r-1ttztb7 r-qvutc0 r-37j5jr r-a023e6 r-rjixqe r-b88u0q r-1awozwy r-6koalj r-1udh08x r-3s2u2q\" dir=\"ltr\"><strong><span class=\"css-1jxf684 r-dnmrzs r-1udh08x r-1udbk01 r-3s2u2q r-bcqeeo r-1ttztb7 r-qvutc0 r-poiln3\"><span class=\"css-1jxf684 r-bcqeeo r-1ttztb7 r-qvutc0 r-poiln3\">S\u00e3o Paulo FC<\/span><\/span><\/strong><\/div>\n<div class=\"css-146c3p1 r-bcqeeo r-1ttztb7 r-qvutc0 r-37j5jr r-a023e6 r-rjixqe r-16dba41 r-xoduu5 r-18u37iz r-1q142lx\" dir=\"ltr\"><\/div>\n<\/div>\n<\/div>\n<\/div>\n<div class=\"css-175oi2r r-18u37iz r-1wbh5a2 r-1ez5h0i\">\n<div class=\"css-175oi2r r-1d09ksm r-18u37iz r-1wbh5a2\">\n<div class=\"css-175oi2r r-1wbh5a2 r-dnmrzs\">\n<div class=\"css-146c3p1 r-dnmrzs r-1udh08x r-1udbk01 r-3s2u2q r-bcqeeo r-1ttztb7 r-qvutc0 r-37j5jr r-a023e6 r-rjixqe r-16dba41 r-18u37iz r-1wvb978\" dir=\"ltr\"><strong><span class=\"css-1jxf684 r-bcqeeo r-1ttztb7 r-qvutc0 r-poiln3\">@SaoPauloFC<\/span><\/strong><\/div>\n<\/div>\n<div class=\"css-146c3p1 r-bcqeeo r-1ttztb7 r-qvutc0 r-37j5jr r-a023e6 r-rjixqe r-16dba41 r-1q142lx r-n7gxbd\" dir=\"ltr\" aria-hidden=\"true\"><span class=\"css-1jxf684 r-bcqeeo r-1ttztb7 r-qvutc0 r-poiln3\">\u00b7<\/span><\/div>\n<div class=\"css-175oi2r r-18u37iz r-1q142lx\">S\u00e3o Paulo comunica sa\u00edda de Hern\u00e1n Crespo O S\u00e3o Paulo Futebol Clube definiu nesta segunda-feira (09) a sa\u00edda do t\u00e9cnico Hern\u00e1n Crespo.<\/div>\n<div class=\"css-175oi2r r-18u37iz r-1q142lx\">Tamb\u00e9m deixam o clube os auxiliares Juan Branda e Victor L\u00f3pez, os preparadores f\u00edsicos Federico Martinetti e Leandro Paz e o preparador<\/div>\n<div class=\"css-175oi2r r-18u37iz r-1q142lx\">de goleiros Gustavo Nepote. Campe\u00e3o paulista em 2021,<\/div>\n<div class=\"css-175oi2r r-18u37iz r-1q142lx\">Crespo iniciou sua segunda passagem pelo MorumBIS em julho de 2025. Desde ent\u00e3o, dirigiu o time em 46 jogos, acumulando 21 vit\u00f3rias<\/div>\n<div class=\"css-175oi2r r-18u37iz r-1q142lx\">sete empates e 18 derrotas.<\/div>\n<div class=\"css-175oi2r r-18u37iz r-1q142lx\">Somadas as duas passagens, foram 99 jogos sob o comando do treinador argentino, com 45 vit\u00f3rias, 26 empates e 28 derrotas.<\/div>\n<div class=\"css-175oi2r r-18u37iz r-1q142lx\">Houve ainda quatro jogos em que Crespo se ausentou por quest\u00f5es de sa\u00fade e foi representado por Juan Branda, todos em 2021<\/div>\n<div class=\"css-175oi2r r-18u37iz r-1q142lx\">(dois empates e duas derrotas). O S\u00e3o Paulo deseja sucesso para Hern\u00e1n Crespo e sua comiss\u00e3o t\u00e9cnica na sequ\u00eancia de suas carreiras.<\/div>\n<\/div>\n<\/div>\n<\/div>\n<\/div>\n<\/div>\n<\/div>\n<\/div>\n<p><img decoding=\"async\" src=\"https:\/\/pbs.twimg.com\/media\/HC_EAIdWQAAibbB?format=jpg&amp;name=small\" alt=\"Imagen\" \/><\/p>\n<p>&nbsp;<\/p>\n<p><strong>Fuente<\/strong>: evafm.net &#8211; lanacion.com.ar<\/p>\n<p>&nbsp;<\/p>\n<div class=\"ln-banner-container --middle_1_dsk\">\n<div id=\"middle_1_dsk\" class=\"ln-banner\" data-slot-group=\"nota\" data-device=\"desktop\" data-subscription=\"true\" data-ad-unit-path=\"\/133919216\/la_nacion_desktop\/Nota\/middle_1_dsk\" data-targeting=\"{&quot;sitio&quot;:&quot;lanacion&quot;,&quot;seccion&quot;:&quot;nota&quot;}\" data-without-hide=\"true\" data-size=\"[[1,1],[640,360],[640,480],[728,90]]\" data-sizemap=\"[]\" data-prebid-enabled=\"true\" data-google-query-id=\"CP7FsfuIlJMDFdzwKAUdKxg4sA\"><\/div>\n<\/div>\n<div class=\"gsp_post_data\" \r\n\t            data-post_type=\"post\" \r\n\t            data-cat=\"deportes-internacionales\" \r\n\t            data-modified=\"120\"\r\n\t            data-created=\"1773088860\"\r\n\t            data-title=\"Sao Paulo anuncio salida de Hernan Crespo como DT\" \r\n\t            data-home=\"https:\/\/www.evafm.net\/sitio\"><\/div>","protected":false},"excerpt":{"rendered":"<p>a noticia sorprendi\u00f3 hasta a los periodistas brasile\u00f1os que cubren la actividad diaria de\u00a0San Pablo. El\u00a0despido de Hern\u00e1n Crespo\u00a0anunciado por el club despu\u00e9s del mediod\u00eda de este lunes fue tomado con incredulidad, nadie lo esperaba, con el equipo puntero e invicto en el\u00a0Brasileir\u00e3o,\u00a0junto con\u00a0Palmeiras,\u00a0al cabo de cuatro fechas. \u201cFue una bomba\u201d, es la s\u00edntesis que&#8230;<\/p>\n","protected":false},"author":5,"featured_media":99925,"comment_status":"closed","ping_status":"open","sticky":false,"template":"","format":"standard","meta":{"_joinchat":[],"footnotes":""},"categories":[1342],"tags":[],"class_list":["post-99924","post","type-post","status-publish","format-standard","has-post-thumbnail","hentry","category-deportes-internacionales","have-post-thumb"],"_links":{"self":[{"href":"https:\/\/www.evafm.net\/sitio\/wp-json\/wp\/v2\/posts\/99924","targetHints":{"allow":["GET"]}}],"collection":[{"href":"https:\/\/www.evafm.net\/sitio\/wp-json\/wp\/v2\/posts"}],"about":[{"href":"https:\/\/www.evafm.net\/sitio\/wp-json\/wp\/v2\/types\/post"}],"author":[{"embeddable":true,"href":"https:\/\/www.evafm.net\/sitio\/wp-json\/wp\/v2\/users\/5"}],"replies":[{"embeddable":true,"href":"https:\/\/www.evafm.net\/sitio\/wp-json\/wp\/v2\/comments?post=99924"}],"version-history":[{"count":1,"href":"https:\/\/www.evafm.net\/sitio\/wp-json\/wp\/v2\/posts\/99924\/revisions"}],"predecessor-version":[{"id":99926,"href":"https:\/\/www.evafm.net\/sitio\/wp-json\/wp\/v2\/posts\/99924\/revisions\/99926"}],"wp:featuredmedia":[{"embeddable":true,"href":"https:\/\/www.evafm.net\/sitio\/wp-json\/wp\/v2\/media\/99925"}],"wp:attachment":[{"href":"https:\/\/www.evafm.net\/sitio\/wp-json\/wp\/v2\/media?parent=99924"}],"wp:term":[{"taxonomy":"category","embeddable":true,"href":"https:\/\/www.evafm.net\/sitio\/wp-json\/wp\/v2\/categories?post=99924"},{"taxonomy":"post_tag","embeddable":true,"href":"https:\/\/www.evafm.net\/sitio\/wp-json\/wp\/v2\/tags?post=99924"}],"curies":[{"name":"wp","href":"https:\/\/api.w.org\/{rel}","templated":true}]}}